{"id":49937,"date":"2020-10-15T13:40:31","date_gmt":"2020-10-15T18:40:31","guid":{"rendered":"https:\/\/artvallarta.com\/2020-dio-de-los-muertos-gallery-exhibition\/"},"modified":"2021-06-08T15:24:29","modified_gmt":"2021-06-08T20:24:29","slug":"2020-dio-de-los-muertos-gallery-exhibition","status":"publish","type":"post","link":"https:\/\/artvallarta.com\/es\/2020-dio-de-los-muertos-gallery-exhibition\/","title":{"rendered":"2020 Exposici\u00f3n Galer\u00eda Dia de Muertos"},"content":{"rendered":"\t\t<div data-elementor-type=\"wp-post\" data-elementor-id=\"49937\" class=\"elementor elementor-49937\" data-elementor-post-type=\"post\">\n\t\t\t\t\t\t<section class=\"elementor-section elementor-top-section elementor-element elementor-element-92f7bcb elementor-section-boxed elementor-section-height-default elementor-section-height-default wd-section-disabled\" data-id=\"92f7bcb\" data-element_type=\"section\" data-e-type=\"section\">\n\t\t\t\t\t\t<div class=\"elementor-container elementor-column-gap-default\">\n\t\t\t\t\t<div class=\"elementor-column elementor-col-100 elementor-top-column elementor-element elementor-element-46fa4e9\" data-id=\"46fa4e9\" data-element_type=\"column\" data-e-type=\"column\">\n\t\t\t<div class=\"elementor-widget-wrap elementor-element-populated\">\n\t\t\t\t\t\t<div class=\"elementor-element elementor-element-a43352e elementor-widget elementor-widget-wd_products\" data-id=\"a43352e\" data-element_type=\"widget\" data-e-type=\"widget\" data-widget_type=\"wd_products.default\">\n\t\t\t\t<div class=\"elementor-widget-container\">\n\t\t\t\t\t\t\t\t\t\t<div class=\"wd-products-element\">\n\n\t\t\t\n\t\t\t\n\t\t\t\n\t\t\t<div class=\"products elements-grid row wd-products-holder pagination- wd-spacing-30 grid-columns-3 align-items-start\" data-paged=\"1\" data-atts=\"{&quot;element_title&quot;:&quot;&quot;,&quot;title_alignment&quot;:&quot;left&quot;,&quot;query_post_type&quot;:&quot;product&quot;,&quot;post_type&quot;:&quot;product&quot;,&quot;include&quot;:null,&quot;taxonomies&quot;:[&quot;560&quot;,&quot;561&quot;],&quot;offset&quot;:&quot;&quot;,&quot;orderby&quot;:&quot;&quot;,&quot;query_type&quot;:&quot;OR&quot;,&quot;order&quot;:null,&quot;meta_key&quot;:null,&quot;exclude&quot;:&quot;&quot;,&quot;shop_tools&quot;:null,&quot;hide_out_of_stock&quot;:&quot;no&quot;,&quot;ajax_recently_viewed&quot;:null,&quot;speed&quot;:null,&quot;slides_per_view&quot;:null,&quot;slides_per_view_tablet&quot;:{&quot;size&quot;:&quot;&quot;},&quot;slides_per_view_mobile&quot;:{&quot;size&quot;:&quot;&quot;},&quot;wrap&quot;:null,&quot;autoplay&quot;:null,&quot;center_mode&quot;:null,&quot;hide_pagination_control&quot;:null,&quot;hide_prev_next_buttons&quot;:null,&quot;scroll_per_page&quot;:null,&quot;layout&quot;:&quot;grid&quot;,&quot;pagination&quot;:&quot;&quot;,&quot;items_per_page&quot;:120,&quot;spacing&quot;:&quot;30&quot;,&quot;columns&quot;:{&quot;unit&quot;:&quot;px&quot;,&quot;size&quot;:3,&quot;sizes&quot;:[]},&quot;columns_tablet&quot;:{&quot;size&quot;:&quot;&quot;},&quot;columns_mobile&quot;:{&quot;size&quot;:&quot;&quot;},&quot;products_masonry&quot;:&quot;&quot;,&quot;products_different_sizes&quot;:&quot;&quot;,&quot;product_quantity&quot;:&quot;&quot;,&quot;product_hover&quot;:&quot;inherit&quot;,&quot;sale_countdown&quot;:&quot;0&quot;,&quot;stretch_product&quot;:null,&quot;stretch_product_tablet&quot;:0,&quot;stretch_product_mobile&quot;:0,&quot;stock_progress_bar&quot;:&quot;0&quot;,&quot;highlighted_products&quot;:&quot;0&quot;,&quot;products_bordered_grid&quot;:&quot;0&quot;,&quot;products_bordered_grid_style&quot;:null,&quot;products_with_background&quot;:&quot;0&quot;,&quot;products_shadow&quot;:&quot;0&quot;,&quot;products_color_scheme&quot;:&quot;default&quot;,&quot;img_size&quot;:&quot;large&quot;,&quot;img_size_custom&quot;:null,&quot;grid_gallery&quot;:&quot;&quot;,&quot;grid_gallery_control&quot;:null,&quot;grid_gallery_enable_arrows&quot;:null,&quot;ajax_page&quot;:&quot;&quot;,&quot;force_not_ajax&quot;:&quot;no&quot;,&quot;lazy_loading&quot;:&quot;no&quot;,&quot;scroll_carousel_init&quot;:null,&quot;custom_sizes&quot;:false,&quot;elementor&quot;:true}\" data-source=\"shortcode\" data-columns=\"3\" data-grid-gallery=\"\">\n\t\t\n\t\t\n\t\t\t\t\t\t\t\t<div class=\"product-grid-item product product-no-swatches wd-hover-base wd-hover-with-fade  col-lg-4 col-md-4 col-6 first  type-product post-50661 status-publish instock product_cat-exhibition-2020-dia-de-los-muertos-es product_cat-gallery-art has-post-thumbnail virtual taxable purchasable product-type-simple\" data-loop=\"1\" data-id=\"50661\">\n\t\n\t\n<div class=\"product-wrapper\">\n\t<div class=\"content-product-imagin\"><\/div>\n\t<div class=\"product-element-top wd-quick-shop\">\n\t\t<a href=\"https:\/\/artvallarta.com\/es\/producto\/2020-dio-de-los-muertos-art-gallery-exhibition-admission-timed-free\/\" class=\"product-image-link\">\n\t\t\t<img fetchpriority=\"high\" decoding=\"async\" width=\"768\" height=\"1024\" src=\"https:\/\/artvallarta.com\/wp-content\/uploads\/2020\/10\/WhatsApp-Image-2020-10-16-at-3.12.57-PM-768x1024.jpeg\" class=\"attachment-large size-large wp-image-50598\" alt=\"\" srcset=\"https:\/\/artvallarta.com\/wp-content\/uploads\/2020\/10\/WhatsApp-Image-2020-10-16-at-3.12.57-PM-768x1024.jpeg 768w, https:\/\/artvallarta.com\/wp-content\/uploads\/2020\/10\/WhatsApp-Image-2020-10-16-at-3.12.57-PM-150x200.jpeg 150w, https:\/\/artvallarta.com\/wp-content\/uploads\/2020\/10\/WhatsApp-Image-2020-10-16-at-3.12.57-PM-225x300.jpeg 225w, https:\/\/artvallarta.com\/wp-content\/uploads\/2020\/10\/WhatsApp-Image-2020-10-16-at-3.12.57-PM.jpeg 960w\" sizes=\"(max-width: 768px) 100vw, 768px\" \/>\t\t<\/a>\n\n\t\t\n\t\t<div class=\"wrapp-swatches\">\t\t<div class=\"wd-compare-btn product-compare-button wd-action-btn wd-style-icon wd-compare-icon\">\n\t\t\t<a href=\"https:\/\/artvallarta.com\/es\/compare\/\" data-id=\"35405\" rel=\"nofollow\" data-added-text=\"Compare products\">\n\t\t\t\t<span>Compare<\/span>\n\t\t\t<\/a>\n\t\t<\/div>\n\t\t<\/div>\n\n\t\t\t<\/div>\n\n\t<div class=\"product-element-bottom product-information\">\n\t\t<h3 class=\"wd-entities-title\"><a href=\"https:\/\/artvallarta.com\/es\/producto\/2020-dio-de-los-muertos-art-gallery-exhibition-admission-timed-free\/\">2020 Dio de los Muertos Art Gallery Exhibition Admission &#8211; Timed\/Free<\/a><\/h3>\t\t\t\t<div class=\"product-rating-price\">\n\t\t\t<div class=\"wrapp-product-price\">\n\t\t\t\t\t\t\t\t\n\t<span class=\"price\"><span class=\"woocommerce-Price-amount amount\"><bdi><span class=\"woocommerce-Price-currencySymbol\">MXN<\/span>0.00<\/bdi><\/span><\/span>\n\t\t\t<\/div>\n\t\t<\/div>\n\t\t<div class=\"fade-in-block wd-scroll\">\n\t\t\t<div class=\"hover-content wd-more-desc\">\n\t\t\t\t<div class=\"hover-content-inner wd-more-desc-inner\">\n\t\t\t\t\tView and experience the 2020 Dio de los Muertos\u00a0 in the Art VallARTa Gallery.. No more than 3 people per half-hour and all posted health\/safety procedures to be followed.\t\t\t\t<\/div>\n\t\t\t\t<a href=\"#\" rel=\"nofollow\" class=\"wd-more-desc-btn\" aria-label=\"Read more description\"><span><\/span><\/a>\n\t\t\t<\/div>\n\t\t\t<div class=\" wd-bottom-actions\">\n\t\t\t\t<div class=\"wrap-wishlist-button\">\t\t\t<div class=\"wd-wishlist-btn wd-action-btn wd-style-icon wd-wishlist-icon\">\n\t\t\t\t<a class=\"\" href=\"https:\/\/artvallarta.com\/es\/lista-de-deseos\/\" data-key=\"731a5e2d4c\" data-product-id=\"35405\" rel=\"nofollow\" data-added-text=\"Browse Wishlist\">\n\t\t\t\t\t<span>A\u00f1adir a mis favoritos<\/span>\n\t\t\t\t<\/a>\n\t\t\t<\/div>\n\t\t<\/div>\n\t\t\t\t<div class=\"wd-add-btn wd-add-btn-replace\">\n\t\t\t\t\t<a href=\"\/es\/wp-json\/wp\/v2\/posts\/49937?add-to-cart=50661\" data-quantity=\"1\" class=\"button product_type_simple add_to_cart_button ajax_add_to_cart add-to-cart-loop\" data-product_id=\"50661\" data-product_sku=\"\" aria-label=\"A\u00f1adir al carrito: &ldquo;2020 Dio de los Muertos Art Gallery Exhibition Admission - Timed\/Free&rdquo;\" rel=\"nofollow\" data-success_message=\"\u00ab2020 Dio de los Muertos Art Gallery Exhibition Admission - Timed\/Free\u00bb se ha a\u00f1adido a tu carrito\" role=\"button\"><span>A\u00f1adir al carrito<\/span><\/a>\t\t\t\t\t\t\t\t\t<\/div>\n\t\t\t\t<div class=\"wrap-quickview-button\">\t\t<div class=\"quick-view wd-action-btn wd-style-icon wd-quick-view-icon\">\n\t\t\t<a\n\t\t\t\thref=\"https:\/\/artvallarta.com\/es\/producto\/2020-dio-de-los-muertos-art-gallery-exhibition-admission-timed-free\/\"\n\t\t\t\tclass=\"open-quick-view quick-view-button\"\n\t\t\t\trel=\"nofollow\"\n\t\t\t\tdata-id=\"50661\"\n\t\t\t\t>Quick view<\/a>\n\t\t<\/div>\n\t\t<\/div>\n\t\t\t<\/div>\n\n\n\t\t\t\t\t\t\n\t\t\t\t\t<\/div>\n\t<\/div>\n<\/div>\n<\/div>\n\t\t\t\t\t\t\t\t<div class=\"product-grid-item product product-no-swatches wd-hover-base wd-hover-with-fade  col-lg-4 col-md-4 col-6 type-product post-50609 status-publish last instock product_cat-decorative-es product_cat-boutique-es product_cat-ernesto-guerra-es product_cat-exhibition-2020-dia-de-los-muertos-es product_cat-gallery-art has-post-thumbnail taxable shipping-taxable purchasable product-type-simple\" data-loop=\"2\" data-id=\"50609\">\n\t\n\t\n<div class=\"product-wrapper\">\n\t<div class=\"content-product-imagin\"><\/div>\n\t<div class=\"product-element-top wd-quick-shop\">\n\t\t<a href=\"https:\/\/artvallarta.com\/es\/producto\/betty-by-ernesto-guerra\/\" class=\"product-image-link\">\n\t\t\t<img decoding=\"async\" width=\"480\" height=\"640\" src=\"https:\/\/artvallarta.com\/wp-content\/uploads\/2020\/10\/IMG_0559.jpg\" class=\"attachment-large size-large wp-image-50610\" alt=\"\" srcset=\"https:\/\/artvallarta.com\/wp-content\/uploads\/2020\/10\/IMG_0559.jpg 480w, https:\/\/artvallarta.com\/wp-content\/uploads\/2020\/10\/IMG_0559-150x200.jpg 150w, https:\/\/artvallarta.com\/wp-content\/uploads\/2020\/10\/IMG_0559-457x609.jpg 457w, https:\/\/artvallarta.com\/wp-content\/uploads\/2020\/10\/IMG_0559-225x300.jpg 225w\" sizes=\"(max-width: 480px) 100vw, 480px\" \/>\t\t<\/a>\n\n\t\t\n\t\t<div class=\"wrapp-swatches\">\t\t<div class=\"wd-compare-btn product-compare-button wd-action-btn wd-style-icon wd-compare-icon\">\n\t\t\t<a href=\"https:\/\/artvallarta.com\/es\/compare\/\" data-id=\"36640\" rel=\"nofollow\" data-added-text=\"Compare products\">\n\t\t\t\t<span>Compare<\/span>\n\t\t\t<\/a>\n\t\t<\/div>\n\t\t<\/div>\n\n\t\t\t<\/div>\n\n\t<div class=\"product-element-bottom product-information\">\n\t\t<h3 class=\"wd-entities-title\"><a href=\"https:\/\/artvallarta.com\/es\/producto\/betty-by-ernesto-guerra\/\">Betty by Ernesto Guerra<\/a><\/h3>\t\t\t\t<div class=\"product-rating-price\">\n\t\t\t<div class=\"wrapp-product-price\">\n\t\t\t\t\t\t\t\t\n\t<span class=\"price\"><span class=\"woocommerce-Price-amount amount\"><bdi><span class=\"woocommerce-Price-currencySymbol\">MXN<\/span>1,700.00<\/bdi><\/span><\/span>\n\t\t\t<\/div>\n\t\t<\/div>\n\t\t<div class=\"fade-in-block wd-scroll\">\n\t\t\t<div class=\"hover-content wd-more-desc\">\n\t\t\t\t<div class=\"hover-content-inner wd-more-desc-inner\">\n\t\t\t\t\tRecycled materials Multi media\t\t\t\t<\/div>\n\t\t\t\t<a href=\"#\" rel=\"nofollow\" class=\"wd-more-desc-btn\" aria-label=\"Read more description\"><span><\/span><\/a>\n\t\t\t<\/div>\n\t\t\t<div class=\" wd-bottom-actions\">\n\t\t\t\t<div class=\"wrap-wishlist-button\">\t\t\t<div class=\"wd-wishlist-btn wd-action-btn wd-style-icon wd-wishlist-icon\">\n\t\t\t\t<a class=\"\" href=\"https:\/\/artvallarta.com\/es\/lista-de-deseos\/\" data-key=\"731a5e2d4c\" data-product-id=\"36640\" rel=\"nofollow\" data-added-text=\"Browse Wishlist\">\n\t\t\t\t\t<span>A\u00f1adir a mis favoritos<\/span>\n\t\t\t\t<\/a>\n\t\t\t<\/div>\n\t\t<\/div>\n\t\t\t\t<div class=\"wd-add-btn wd-add-btn-replace\">\n\t\t\t\t\t<a href=\"\/es\/wp-json\/wp\/v2\/posts\/49937?add-to-cart=50609\" data-quantity=\"1\" class=\"button product_type_simple add_to_cart_button ajax_add_to_cart add-to-cart-loop\" data-product_id=\"50609\" data-product_sku=\"\" aria-label=\"A\u00f1adir al carrito: &ldquo;Betty by Ernesto Guerra&rdquo;\" rel=\"nofollow\" data-success_message=\"\u00abBetty by Ernesto Guerra\u00bb se ha a\u00f1adido a tu carrito\" role=\"button\"><span>A\u00f1adir al carrito<\/span><\/a>\t\t\t\t\t\t\t\t\t<\/div>\n\t\t\t\t<div class=\"wrap-quickview-button\">\t\t<div class=\"quick-view wd-action-btn wd-style-icon wd-quick-view-icon\">\n\t\t\t<a\n\t\t\t\thref=\"https:\/\/artvallarta.com\/es\/producto\/betty-by-ernesto-guerra\/\"\n\t\t\t\tclass=\"open-quick-view quick-view-button\"\n\t\t\t\trel=\"nofollow\"\n\t\t\t\tdata-id=\"50609\"\n\t\t\t\t>Quick view<\/a>\n\t\t<\/div>\n\t\t<\/div>\n\t\t\t<\/div>\n\n\n\t\t\t\t\t\t\n\t\t\t\t\t<\/div>\n\t<\/div>\n<\/div>\n<\/div>\n\t\t\t\t\t\t\t\t<div class=\"product-grid-item product product-no-swatches wd-hover-base wd-hover-with-fade  col-lg-4 col-md-4 col-6 last  type-product post-50583 status-publish first instock product_cat-decorative-es product_cat-boutique-es product_cat-exhibition-2020-dia-de-los-muertos-es product_cat-gallery-art has-post-thumbnail taxable shipping-taxable purchasable product-type-simple\" data-loop=\"3\" data-id=\"50583\">\n\t\n\t\n<div class=\"product-wrapper\">\n\t<div class=\"content-product-imagin\"><\/div>\n\t<div class=\"product-element-top wd-quick-shop\">\n\t\t<a href=\"https:\/\/artvallarta.com\/es\/producto\/calavera-candle-holder-by-georgia-powell\/\" class=\"product-image-link\">\n\t\t\t<img decoding=\"async\" width=\"640\" height=\"640\" src=\"https:\/\/artvallarta.com\/wp-content\/uploads\/2020\/11\/IMG_8959.jpg\" class=\"attachment-large size-large wp-image-50584\" alt=\"\" srcset=\"https:\/\/artvallarta.com\/wp-content\/uploads\/2020\/11\/IMG_8959.jpg 640w, https:\/\/artvallarta.com\/wp-content\/uploads\/2020\/11\/IMG_8959-150x150.jpg 150w, https:\/\/artvallarta.com\/wp-content\/uploads\/2020\/11\/IMG_8959-600x600.jpg 600w, https:\/\/artvallarta.com\/wp-content\/uploads\/2020\/11\/IMG_8959-500x500.jpg 500w, https:\/\/artvallarta.com\/wp-content\/uploads\/2020\/11\/IMG_8959-300x300.jpg 300w, https:\/\/artvallarta.com\/wp-content\/uploads\/2020\/11\/IMG_8959-42x42.jpg 42w, https:\/\/artvallarta.com\/wp-content\/uploads\/2020\/11\/IMG_8959-32x32.jpg 32w\" sizes=\"(max-width: 640px) 100vw, 640px\" \/>\t\t<\/a>\n\n\t\t\n\t\t<div class=\"wrapp-swatches\">\t\t<div class=\"wd-compare-btn product-compare-button wd-action-btn wd-style-icon wd-compare-icon\">\n\t\t\t<a href=\"https:\/\/artvallarta.com\/es\/compare\/\" data-id=\"36932\" rel=\"nofollow\" data-added-text=\"Compare products\">\n\t\t\t\t<span>Compare<\/span>\n\t\t\t<\/a>\n\t\t<\/div>\n\t\t<\/div>\n\n\t\t\t<\/div>\n\n\t<div class=\"product-element-bottom product-information\">\n\t\t<h3 class=\"wd-entities-title\"><a href=\"https:\/\/artvallarta.com\/es\/producto\/calavera-candle-holder-by-georgia-powell\/\">Calavera Candle holder by Georgia Powell<\/a><\/h3>\t\t\t\t<div class=\"product-rating-price\">\n\t\t\t<div class=\"wrapp-product-price\">\n\t\t\t\t\t\t\t\t\n\t<span class=\"price\"><span class=\"woocommerce-Price-amount amount\"><bdi><span class=\"woocommerce-Price-currencySymbol\">MXN<\/span>750.00<\/bdi><\/span><\/span>\n\t\t\t<\/div>\n\t\t<\/div>\n\t\t<div class=\"fade-in-block wd-scroll\">\n\t\t\t<div class=\"hover-content wd-more-desc\">\n\t\t\t\t<div class=\"hover-content-inner wd-more-desc-inner\">\n\t\t\t\t\tHand carved skull from black clay, holds a tealight candle. Has some weight to it so it also makes a\t\t\t\t<\/div>\n\t\t\t\t<a href=\"#\" rel=\"nofollow\" class=\"wd-more-desc-btn\" aria-label=\"Read more description\"><span><\/span><\/a>\n\t\t\t<\/div>\n\t\t\t<div class=\" wd-bottom-actions\">\n\t\t\t\t<div class=\"wrap-wishlist-button\">\t\t\t<div class=\"wd-wishlist-btn wd-action-btn wd-style-icon wd-wishlist-icon\">\n\t\t\t\t<a class=\"\" href=\"https:\/\/artvallarta.com\/es\/lista-de-deseos\/\" data-key=\"731a5e2d4c\" data-product-id=\"36932\" rel=\"nofollow\" data-added-text=\"Browse Wishlist\">\n\t\t\t\t\t<span>A\u00f1adir a mis favoritos<\/span>\n\t\t\t\t<\/a>\n\t\t\t<\/div>\n\t\t<\/div>\n\t\t\t\t<div class=\"wd-add-btn wd-add-btn-replace\">\n\t\t\t\t\t<a href=\"\/es\/wp-json\/wp\/v2\/posts\/49937?add-to-cart=50583\" data-quantity=\"1\" class=\"button product_type_simple add_to_cart_button ajax_add_to_cart add-to-cart-loop\" data-product_id=\"50583\" data-product_sku=\"cchgp\" aria-label=\"A\u00f1adir al carrito: &ldquo;Calavera Candle holder by Georgia Powell&rdquo;\" rel=\"nofollow\" data-success_message=\"\u00abCalavera Candle holder by Georgia Powell\u00bb se ha a\u00f1adido a tu carrito\" role=\"button\"><span>A\u00f1adir al carrito<\/span><\/a>\t\t\t\t\t\t\t\t\t<\/div>\n\t\t\t\t<div class=\"wrap-quickview-button\">\t\t<div class=\"quick-view wd-action-btn wd-style-icon wd-quick-view-icon\">\n\t\t\t<a\n\t\t\t\thref=\"https:\/\/artvallarta.com\/es\/producto\/calavera-candle-holder-by-georgia-powell\/\"\n\t\t\t\tclass=\"open-quick-view quick-view-button\"\n\t\t\t\trel=\"nofollow\"\n\t\t\t\tdata-id=\"50583\"\n\t\t\t\t>Quick view<\/a>\n\t\t<\/div>\n\t\t<\/div>\n\t\t\t<\/div>\n\n\n\t\t\t\t\t\t\n\t\t\t\t\t<\/div>\n\t<\/div>\n<\/div>\n<\/div>\n\t\t\t\t\t\t\t\t<div class=\"product-grid-item product product-no-swatches wd-hover-base wd-hover-with-fade  col-lg-4 col-md-4 col-6 first  type-product post-50575 status-publish instock product_cat-decorative-es product_cat-boutique-es product_cat-exhibition-2020-dia-de-los-muertos-es product_cat-gallery-art has-post-thumbnail taxable shipping-taxable product-type-variable\" data-loop=\"4\" data-id=\"50575\">\n\t\n\t\n<div class=\"product-wrapper\">\n\t<div class=\"content-product-imagin\"><\/div>\n\t<div class=\"product-element-top wd-quick-shop\">\n\t\t<a href=\"https:\/\/artvallarta.com\/es\/producto\/dead-rattles-by-georgia-powell\/\" class=\"product-image-link\">\n\t\t\t<img loading=\"lazy\" decoding=\"async\" width=\"640\" height=\"640\" src=\"https:\/\/artvallarta.com\/wp-content\/uploads\/2020\/11\/IMG_8974.jpg\" class=\"attachment-large size-large wp-image-50576\" alt=\"\" srcset=\"https:\/\/artvallarta.com\/wp-content\/uploads\/2020\/11\/IMG_8974.jpg 640w, https:\/\/artvallarta.com\/wp-content\/uploads\/2020\/11\/IMG_8974-150x150.jpg 150w, https:\/\/artvallarta.com\/wp-content\/uploads\/2020\/11\/IMG_8974-600x600.jpg 600w, https:\/\/artvallarta.com\/wp-content\/uploads\/2020\/11\/IMG_8974-500x500.jpg 500w, https:\/\/artvallarta.com\/wp-content\/uploads\/2020\/11\/IMG_8974-300x300.jpg 300w, https:\/\/artvallarta.com\/wp-content\/uploads\/2020\/11\/IMG_8974-42x42.jpg 42w, https:\/\/artvallarta.com\/wp-content\/uploads\/2020\/11\/IMG_8974-32x32.jpg 32w\" sizes=\"(max-width: 640px) 100vw, 640px\" \/>\t\t<\/a>\n\n\t\t\t\t\t<div class=\"hover-img\">\n\t\t\t\t<a href=\"https:\/\/artvallarta.com\/es\/producto\/dead-rattles-by-georgia-powell\/\">\n\t\t\t\t\t<img loading=\"lazy\" decoding=\"async\" width=\"640\" height=\"640\" src=\"https:\/\/artvallarta.com\/wp-content\/uploads\/2020\/11\/IMG_8981.jpg\" class=\"attachment-large size-large wp-image-36948\" alt=\"\" srcset=\"https:\/\/artvallarta.com\/wp-content\/uploads\/2020\/11\/IMG_8981.jpg 640w, https:\/\/artvallarta.com\/wp-content\/uploads\/2020\/11\/IMG_8981-150x150.jpg 150w, https:\/\/artvallarta.com\/wp-content\/uploads\/2020\/11\/IMG_8981-600x600.jpg 600w, https:\/\/artvallarta.com\/wp-content\/uploads\/2020\/11\/IMG_8981-500x500.jpg 500w, https:\/\/artvallarta.com\/wp-content\/uploads\/2020\/11\/IMG_8981-300x300.jpg 300w\" sizes=\"(max-width: 640px) 100vw, 640px\" \/>\t\t\t\t<\/a>\n\t\t\t<\/div>\n\t\t\t\n\t\t<div class=\"wrapp-swatches\">\t\t<div class=\"wd-compare-btn product-compare-button wd-action-btn wd-style-icon wd-compare-icon\">\n\t\t\t<a href=\"https:\/\/artvallarta.com\/es\/compare\/\" data-id=\"36946\" rel=\"nofollow\" data-added-text=\"Compare products\">\n\t\t\t\t<span>Compare<\/span>\n\t\t\t<\/a>\n\t\t<\/div>\n\t\t<\/div>\n\n\t\t\t<\/div>\n\n\t<div class=\"product-element-bottom product-information\">\n\t\t<h3 class=\"wd-entities-title\"><a href=\"https:\/\/artvallarta.com\/es\/producto\/dead-rattles-by-georgia-powell\/\">Dead Rattles by Georgia Powell<\/a><\/h3>\t\t\t\t<div class=\"product-rating-price\">\n\t\t\t<div class=\"wrapp-product-price\">\n\t\t\t\t\t\t\t\t\n\t<span class=\"price\"><span class=\"woocommerce-Price-amount amount\"><bdi><span class=\"woocommerce-Price-currencySymbol\">MXN<\/span>550.00<\/bdi><\/span><\/span>\n\t\t\t<\/div>\n\t\t<\/div>\n\t\t<div class=\"fade-in-block wd-scroll\">\n\t\t\t<div class=\"hover-content wd-more-desc\">\n\t\t\t\t<div class=\"hover-content-inner wd-more-desc-inner\">\n\t\t\t\t\tDead Rattles Choose from black or white ceramic rattles. Each rattle has ceramic shaker beads inside as well as cracking\t\t\t\t<\/div>\n\t\t\t\t<a href=\"#\" rel=\"nofollow\" class=\"wd-more-desc-btn\" aria-label=\"Read more description\"><span><\/span><\/a>\n\t\t\t<\/div>\n\t\t\t<div class=\" wd-bottom-actions\">\n\t\t\t\t<div class=\"wrap-wishlist-button\">\t\t\t<div class=\"wd-wishlist-btn wd-action-btn wd-style-icon wd-wishlist-icon\">\n\t\t\t\t<a class=\"\" href=\"https:\/\/artvallarta.com\/es\/lista-de-deseos\/\" data-key=\"731a5e2d4c\" data-product-id=\"36946\" rel=\"nofollow\" data-added-text=\"Browse Wishlist\">\n\t\t\t\t\t<span>A\u00f1adir a mis favoritos<\/span>\n\t\t\t\t<\/a>\n\t\t\t<\/div>\n\t\t<\/div>\n\t\t\t\t<div class=\"wd-add-btn wd-add-btn-replace\">\n\t\t\t\t\t<a href=\"https:\/\/artvallarta.com\/es\/producto\/dead-rattles-by-georgia-powell\/\" data-quantity=\"1\" class=\"button product_type_variable add-to-cart-loop\" data-product_id=\"50575\" data-product_sku=\"tofwbbgp-1\" aria-label=\"Elige las opciones para &ldquo;Dead Rattles by Georgia Powell&rdquo;\" rel=\"nofollow\"><span>Leer m\u00e1s<\/span><\/a>\t\t\t\t\t\t\t\t\t<\/div>\n\t\t\t\t<div class=\"wrap-quickview-button\">\t\t<div class=\"quick-view wd-action-btn wd-style-icon wd-quick-view-icon\">\n\t\t\t<a\n\t\t\t\thref=\"https:\/\/artvallarta.com\/es\/producto\/dead-rattles-by-georgia-powell\/\"\n\t\t\t\tclass=\"open-quick-view quick-view-button\"\n\t\t\t\trel=\"nofollow\"\n\t\t\t\tdata-id=\"50575\"\n\t\t\t\t>Quick view<\/a>\n\t\t<\/div>\n\t\t<\/div>\n\t\t\t<\/div>\n\n\n\t\t\t\t\t\t\n\t\t\t\t\t<\/div>\n\t<\/div>\n<\/div>\n<\/div>\n\t\t\t\t\t\t\t\t<div class=\"product-grid-item product product-no-swatches wd-hover-base wd-hover-with-fade  col-lg-4 col-md-4 col-6 type-product post-50615 status-publish last instock product_cat-exhibition-2020-dia-de-los-muertos-es product_cat-gallery-art product_cat-lalo-cobar-es has-post-thumbnail taxable shipping-taxable purchasable product-type-simple\" data-loop=\"5\" data-id=\"50615\">\n\t\n\t\n<div class=\"product-wrapper\">\n\t<div class=\"content-product-imagin\"><\/div>\n\t<div class=\"product-element-top wd-quick-shop\">\n\t\t<a href=\"https:\/\/artvallarta.com\/es\/producto\/el-mariachi-by-lalo-corbar\/\" class=\"product-image-link\">\n\t\t\t<img loading=\"lazy\" decoding=\"async\" width=\"973\" height=\"1024\" src=\"https:\/\/artvallarta.com\/wp-content\/uploads\/2020\/10\/121253947_759398607939955_5164067365336453183_n-973x1024.jpg\" class=\"attachment-large size-large wp-image-50616\" alt=\"\" srcset=\"https:\/\/artvallarta.com\/wp-content\/uploads\/2020\/10\/121253947_759398607939955_5164067365336453183_n-973x1024.jpg 973w, https:\/\/artvallarta.com\/wp-content\/uploads\/2020\/10\/121253947_759398607939955_5164067365336453183_n-150x158.jpg 150w, https:\/\/artvallarta.com\/wp-content\/uploads\/2020\/10\/121253947_759398607939955_5164067365336453183_n-1200x1263.jpg 1200w, https:\/\/artvallarta.com\/wp-content\/uploads\/2020\/10\/121253947_759398607939955_5164067365336453183_n-1000x1053.jpg 1000w, https:\/\/artvallarta.com\/wp-content\/uploads\/2020\/10\/121253947_759398607939955_5164067365336453183_n-285x300.jpg 285w, https:\/\/artvallarta.com\/wp-content\/uploads\/2020\/10\/121253947_759398607939955_5164067365336453183_n-768x808.jpg 768w, https:\/\/artvallarta.com\/wp-content\/uploads\/2020\/10\/121253947_759398607939955_5164067365336453183_n.jpg 1785w\" sizes=\"(max-width: 973px) 100vw, 973px\" \/>\t\t<\/a>\n\n\t\t\n\t\t<div class=\"wrapp-swatches\">\t\t<div class=\"wd-compare-btn product-compare-button wd-action-btn wd-style-icon wd-compare-icon\">\n\t\t\t<a href=\"https:\/\/artvallarta.com\/es\/compare\/\" data-id=\"36530\" rel=\"nofollow\" data-added-text=\"Compare products\">\n\t\t\t\t<span>Compare<\/span>\n\t\t\t<\/a>\n\t\t<\/div>\n\t\t<\/div>\n\n\t\t\t<\/div>\n\n\t<div class=\"product-element-bottom product-information\">\n\t\t<h3 class=\"wd-entities-title\"><a href=\"https:\/\/artvallarta.com\/es\/producto\/el-mariachi-by-lalo-corbar\/\">El Mariachi by Lalo Corbar<\/a><\/h3>\t\t\t\t<div class=\"product-rating-price\">\n\t\t\t<div class=\"wrapp-product-price\">\n\t\t\t\t\t\t\t\t\n\t<span class=\"price\"><span class=\"woocommerce-Price-amount amount\"><bdi><span class=\"woocommerce-Price-currencySymbol\">MXN<\/span>4,000.00<\/bdi><\/span><\/span>\n\t\t\t<\/div>\n\t\t<\/div>\n\t\t<div class=\"fade-in-block wd-scroll\">\n\t\t\t<div class=\"hover-content wd-more-desc\">\n\t\t\t\t<div class=\"hover-content-inner wd-more-desc-inner\">\n\t\t\t\t\tAcrylic on Canvas Original 50 x 50cm &nbsp;\t\t\t\t<\/div>\n\t\t\t\t<a href=\"#\" rel=\"nofollow\" class=\"wd-more-desc-btn\" aria-label=\"Read more description\"><span><\/span><\/a>\n\t\t\t<\/div>\n\t\t\t<div class=\" wd-bottom-actions\">\n\t\t\t\t<div class=\"wrap-wishlist-button\">\t\t\t<div class=\"wd-wishlist-btn wd-action-btn wd-style-icon wd-wishlist-icon\">\n\t\t\t\t<a class=\"\" href=\"https:\/\/artvallarta.com\/es\/lista-de-deseos\/\" data-key=\"731a5e2d4c\" data-product-id=\"36530\" rel=\"nofollow\" data-added-text=\"Browse Wishlist\">\n\t\t\t\t\t<span>A\u00f1adir a mis favoritos<\/span>\n\t\t\t\t<\/a>\n\t\t\t<\/div>\n\t\t<\/div>\n\t\t\t\t<div class=\"wd-add-btn wd-add-btn-replace\">\n\t\t\t\t\t<a href=\"\/es\/wp-json\/wp\/v2\/posts\/49937?add-to-cart=50615\" data-quantity=\"1\" class=\"button product_type_simple add_to_cart_button ajax_add_to_cart add-to-cart-loop\" data-product_id=\"50615\" data-product_sku=\"\" aria-label=\"A\u00f1adir al carrito: &ldquo;El Mariachi by Lalo Corbar&rdquo;\" rel=\"nofollow\" data-success_message=\"\u00abEl Mariachi by Lalo Corbar\u00bb se ha a\u00f1adido a tu carrito\" role=\"button\"><span>A\u00f1adir al carrito<\/span><\/a>\t\t\t\t\t\t\t\t\t<\/div>\n\t\t\t\t<div class=\"wrap-quickview-button\">\t\t<div class=\"quick-view wd-action-btn wd-style-icon wd-quick-view-icon\">\n\t\t\t<a\n\t\t\t\thref=\"https:\/\/artvallarta.com\/es\/producto\/el-mariachi-by-lalo-corbar\/\"\n\t\t\t\tclass=\"open-quick-view quick-view-button\"\n\t\t\t\trel=\"nofollow\"\n\t\t\t\tdata-id=\"50615\"\n\t\t\t\t>Quick view<\/a>\n\t\t<\/div>\n\t\t<\/div>\n\t\t\t<\/div>\n\n\n\t\t\t\t\t\t\n\t\t\t\t\t<\/div>\n\t<\/div>\n<\/div>\n<\/div>\n\t\t\t\t\t\t\t\t<div class=\"product-grid-item product product-no-swatches wd-hover-base wd-hover-with-fade  col-lg-4 col-md-4 col-6 last  type-product post-50611 status-publish first instock product_cat-decorative-es product_cat-boutique-es product_cat-ernesto-guerra-es product_cat-exhibition-2020-dia-de-los-muertos-es product_cat-gallery-art has-post-thumbnail taxable shipping-taxable purchasable product-type-variable\" data-loop=\"6\" data-id=\"50611\">\n\t\n\t\n<div class=\"product-wrapper\">\n\t<div class=\"content-product-imagin\"><\/div>\n\t<div class=\"product-element-top wd-quick-shop\">\n\t\t<a href=\"https:\/\/artvallarta.com\/es\/producto\/frida-and-diego-by-ernesto-guerra\/\" class=\"product-image-link\">\n\t\t\t<img loading=\"lazy\" decoding=\"async\" width=\"480\" height=\"640\" src=\"https:\/\/artvallarta.com\/wp-content\/uploads\/2020\/10\/IMG_0556.jpg\" class=\"attachment-large size-large wp-image-50612\" alt=\"\" srcset=\"https:\/\/artvallarta.com\/wp-content\/uploads\/2020\/10\/IMG_0556.jpg 480w, https:\/\/artvallarta.com\/wp-content\/uploads\/2020\/10\/IMG_0556-150x200.jpg 150w, https:\/\/artvallarta.com\/wp-content\/uploads\/2020\/10\/IMG_0556-457x609.jpg 457w, https:\/\/artvallarta.com\/wp-content\/uploads\/2020\/10\/IMG_0556-225x300.jpg 225w\" sizes=\"(max-width: 480px) 100vw, 480px\" \/>\t\t<\/a>\n\n\t\t\t\t\t<div class=\"hover-img\">\n\t\t\t\t<a href=\"https:\/\/artvallarta.com\/es\/producto\/frida-and-diego-by-ernesto-guerra\/\">\n\t\t\t\t\t<img loading=\"lazy\" decoding=\"async\" width=\"480\" height=\"640\" src=\"https:\/\/artvallarta.com\/wp-content\/uploads\/2020\/10\/IMG_0557.jpg\" class=\"attachment-large size-large wp-image-36586\" alt=\"\" srcset=\"https:\/\/artvallarta.com\/wp-content\/uploads\/2020\/10\/IMG_0557.jpg 480w, https:\/\/artvallarta.com\/wp-content\/uploads\/2020\/10\/IMG_0557-150x200.jpg 150w, https:\/\/artvallarta.com\/wp-content\/uploads\/2020\/10\/IMG_0557-457x609.jpg 457w, https:\/\/artvallarta.com\/wp-content\/uploads\/2020\/10\/IMG_0557-225x300.jpg 225w\" sizes=\"(max-width: 480px) 100vw, 480px\" \/>\t\t\t\t<\/a>\n\t\t\t<\/div>\n\t\t\t\n\t\t<div class=\"wrapp-swatches\">\t\t<div class=\"wd-compare-btn product-compare-button wd-action-btn wd-style-icon wd-compare-icon\">\n\t\t\t<a href=\"https:\/\/artvallarta.com\/es\/compare\/\" data-id=\"36582\" rel=\"nofollow\" data-added-text=\"Compare products\">\n\t\t\t\t<span>Compare<\/span>\n\t\t\t<\/a>\n\t\t<\/div>\n\t\t<\/div>\n\n\t\t\t<\/div>\n\n\t<div class=\"product-element-bottom product-information\">\n\t\t<h3 class=\"wd-entities-title\"><a href=\"https:\/\/artvallarta.com\/es\/producto\/frida-and-diego-by-ernesto-guerra\/\">Frida and Diego by Ernesto Guerra<\/a><\/h3>\t\t\t\t<div class=\"product-rating-price\">\n\t\t\t<div class=\"wrapp-product-price\">\n\t\t\t\t\t\t\t\t\n\t<span class=\"price\"><span class=\"woocommerce-Price-amount amount\"><bdi><span class=\"woocommerce-Price-currencySymbol\">MXN<\/span>1,700.00<\/bdi><\/span><\/span>\n\t\t\t<\/div>\n\t\t<\/div>\n\t\t<div class=\"fade-in-block wd-scroll\">\n\t\t\t<div class=\"hover-content wd-more-desc\">\n\t\t\t\t<div class=\"hover-content-inner wd-more-desc-inner\">\n\t\t\t\t\tRecycled materials Multi media Priced each &nbsp; &nbsp; &nbsp;\t\t\t\t<\/div>\n\t\t\t\t<a href=\"#\" rel=\"nofollow\" class=\"wd-more-desc-btn\" aria-label=\"Read more description\"><span><\/span><\/a>\n\t\t\t<\/div>\n\t\t\t<div class=\" wd-bottom-actions\">\n\t\t\t\t<div class=\"wrap-wishlist-button\">\t\t\t<div class=\"wd-wishlist-btn wd-action-btn wd-style-icon wd-wishlist-icon\">\n\t\t\t\t<a class=\"\" href=\"https:\/\/artvallarta.com\/es\/lista-de-deseos\/\" data-key=\"731a5e2d4c\" data-product-id=\"36582\" rel=\"nofollow\" data-added-text=\"Browse Wishlist\">\n\t\t\t\t\t<span>A\u00f1adir a mis favoritos<\/span>\n\t\t\t\t<\/a>\n\t\t\t<\/div>\n\t\t<\/div>\n\t\t\t\t<div class=\"wd-add-btn wd-add-btn-replace\">\n\t\t\t\t\t<a href=\"https:\/\/artvallarta.com\/es\/producto\/frida-and-diego-by-ernesto-guerra\/\" data-quantity=\"1\" class=\"button product_type_variable add_to_cart_button add-to-cart-loop\" data-product_id=\"50611\" data-product_sku=\"\" aria-label=\"Elige las opciones para &ldquo;Frida and Diego by Ernesto Guerra&rdquo;\" rel=\"nofollow\"><span>Seleccionar opciones<\/span><\/a>\t\t\t\t\t\t\t\t\t<\/div>\n\t\t\t\t<div class=\"wrap-quickview-button\">\t\t<div class=\"quick-view wd-action-btn wd-style-icon wd-quick-view-icon\">\n\t\t\t<a\n\t\t\t\thref=\"https:\/\/artvallarta.com\/es\/producto\/frida-and-diego-by-ernesto-guerra\/\"\n\t\t\t\tclass=\"open-quick-view quick-view-button\"\n\t\t\t\trel=\"nofollow\"\n\t\t\t\tdata-id=\"50611\"\n\t\t\t\t>Quick view<\/a>\n\t\t<\/div>\n\t\t<\/div>\n\t\t\t<\/div>\n\n\n\t\t\t\t\t\t\n\t\t\t\t\t<\/div>\n\t<\/div>\n<\/div>\n<\/div>\n\t\t\t\t\t\t\t\t<div class=\"product-grid-item product product-no-swatches wd-hover-base wd-hover-with-fade  col-lg-4 col-md-4 col-6 first  type-product post-50605 status-publish instock product_cat-decorative-es product_cat-boutique-es product_cat-ernesto-guerra-es product_cat-exhibition-2020-dia-de-los-muertos-es product_cat-gallery-art has-post-thumbnail taxable shipping-taxable purchasable product-type-simple\" data-loop=\"7\" data-id=\"50605\">\n\t\n\t\n<div class=\"product-wrapper\">\n\t<div class=\"content-product-imagin\"><\/div>\n\t<div class=\"product-element-top wd-quick-shop\">\n\t\t<a href=\"https:\/\/artvallarta.com\/es\/producto\/kitty-cat-by-ernesto-guerra\/\" class=\"product-image-link\">\n\t\t\t<img loading=\"lazy\" decoding=\"async\" width=\"480\" height=\"640\" src=\"https:\/\/artvallarta.com\/wp-content\/uploads\/2020\/10\/IMG_0562-e1602703582573.jpg\" class=\"attachment-large size-large wp-image-50606\" alt=\"\" srcset=\"https:\/\/artvallarta.com\/wp-content\/uploads\/2020\/10\/IMG_0562-e1602703582573.jpg 480w, https:\/\/artvallarta.com\/wp-content\/uploads\/2020\/10\/IMG_0562-e1602703582573-150x200.jpg 150w, https:\/\/artvallarta.com\/wp-content\/uploads\/2020\/10\/IMG_0562-e1602703582573-457x609.jpg 457w, https:\/\/artvallarta.com\/wp-content\/uploads\/2020\/10\/IMG_0562-e1602703582573-225x300.jpg 225w\" sizes=\"(max-width: 480px) 100vw, 480px\" \/>\t\t<\/a>\n\n\t\t\t\t\t<div class=\"hover-img\">\n\t\t\t\t<a href=\"https:\/\/artvallarta.com\/es\/producto\/kitty-cat-by-ernesto-guerra\/\">\n\t\t\t\t\t<img loading=\"lazy\" decoding=\"async\" width=\"480\" height=\"640\" src=\"https:\/\/artvallarta.com\/wp-content\/uploads\/2020\/10\/IMG_0564-e1602703675461.jpg\" class=\"attachment-large size-large wp-image-36648\" alt=\"\" srcset=\"https:\/\/artvallarta.com\/wp-content\/uploads\/2020\/10\/IMG_0564-e1602703675461.jpg 480w, https:\/\/artvallarta.com\/wp-content\/uploads\/2020\/10\/IMG_0564-e1602703675461-150x200.jpg 150w, https:\/\/artvallarta.com\/wp-content\/uploads\/2020\/10\/IMG_0564-e1602703675461-457x609.jpg 457w\" sizes=\"(max-width: 480px) 100vw, 480px\" \/>\t\t\t\t<\/a>\n\t\t\t<\/div>\n\t\t\t\n\t\t<div class=\"wrapp-swatches\">\t\t<div class=\"wd-compare-btn product-compare-button wd-action-btn wd-style-icon wd-compare-icon\">\n\t\t\t<a href=\"https:\/\/artvallarta.com\/es\/compare\/\" data-id=\"36646\" rel=\"nofollow\" data-added-text=\"Compare products\">\n\t\t\t\t<span>Compare<\/span>\n\t\t\t<\/a>\n\t\t<\/div>\n\t\t<\/div>\n\n\t\t\t<\/div>\n\n\t<div class=\"product-element-bottom product-information\">\n\t\t<h3 class=\"wd-entities-title\"><a href=\"https:\/\/artvallarta.com\/es\/producto\/kitty-cat-by-ernesto-guerra\/\">Kitty cat by Ernesto Guerra<\/a><\/h3>\t\t\t\t<div class=\"product-rating-price\">\n\t\t\t<div class=\"wrapp-product-price\">\n\t\t\t\t\t\t\t\t\n\t<span class=\"price\"><span class=\"woocommerce-Price-amount amount\"><bdi><span class=\"woocommerce-Price-currencySymbol\">MXN<\/span>1,700.00<\/bdi><\/span><\/span>\n\t\t\t<\/div>\n\t\t<\/div>\n\t\t<div class=\"fade-in-block wd-scroll\">\n\t\t\t<div class=\"hover-content wd-more-desc\">\n\t\t\t\t<div class=\"hover-content-inner wd-more-desc-inner\">\n\t\t\t\t\tRecycled materials Multi media\t\t\t\t<\/div>\n\t\t\t\t<a href=\"#\" rel=\"nofollow\" class=\"wd-more-desc-btn\" aria-label=\"Read more description\"><span><\/span><\/a>\n\t\t\t<\/div>\n\t\t\t<div class=\" wd-bottom-actions\">\n\t\t\t\t<div class=\"wrap-wishlist-button\">\t\t\t<div class=\"wd-wishlist-btn wd-action-btn wd-style-icon wd-wishlist-icon\">\n\t\t\t\t<a class=\"\" href=\"https:\/\/artvallarta.com\/es\/lista-de-deseos\/\" data-key=\"731a5e2d4c\" data-product-id=\"36646\" rel=\"nofollow\" data-added-text=\"Browse Wishlist\">\n\t\t\t\t\t<span>A\u00f1adir a mis favoritos<\/span>\n\t\t\t\t<\/a>\n\t\t\t<\/div>\n\t\t<\/div>\n\t\t\t\t<div class=\"wd-add-btn wd-add-btn-replace\">\n\t\t\t\t\t<a href=\"\/es\/wp-json\/wp\/v2\/posts\/49937?add-to-cart=50605\" data-quantity=\"1\" class=\"button product_type_simple add_to_cart_button ajax_add_to_cart add-to-cart-loop\" data-product_id=\"50605\" data-product_sku=\"\" aria-label=\"A\u00f1adir al carrito: &ldquo;Kitty cat by Ernesto Guerra&rdquo;\" rel=\"nofollow\" data-success_message=\"\u00abKitty cat by Ernesto Guerra\u00bb se ha a\u00f1adido a tu carrito\" role=\"button\"><span>A\u00f1adir al carrito<\/span><\/a>\t\t\t\t\t\t\t\t\t<\/div>\n\t\t\t\t<div class=\"wrap-quickview-button\">\t\t<div class=\"quick-view wd-action-btn wd-style-icon wd-quick-view-icon\">\n\t\t\t<a\n\t\t\t\thref=\"https:\/\/artvallarta.com\/es\/producto\/kitty-cat-by-ernesto-guerra\/\"\n\t\t\t\tclass=\"open-quick-view quick-view-button\"\n\t\t\t\trel=\"nofollow\"\n\t\t\t\tdata-id=\"50605\"\n\t\t\t\t>Quick view<\/a>\n\t\t<\/div>\n\t\t<\/div>\n\t\t\t<\/div>\n\n\n\t\t\t\t\t\t\n\t\t\t\t\t<\/div>\n\t<\/div>\n<\/div>\n<\/div>\n\t\t\t\t\t\t\t\t<div class=\"product-grid-item wd-with-labels product product-no-swatches wd-hover-base wd-hover-with-fade  col-lg-4 col-md-4 col-6 type-product post-50597 status-publish last outofstock product_cat-exhibition-2020-dia-de-los-muertos-es product_cat-gallery-art product_cat-rocio-mercado-es has-post-thumbnail taxable shipping-taxable purchasable product-type-simple\" data-loop=\"8\" data-id=\"50597\">\n\t\n\t\n<div class=\"product-wrapper\">\n\t<div class=\"content-product-imagin\"><\/div>\n\t<div class=\"product-element-top wd-quick-shop\">\n\t\t<a href=\"https:\/\/artvallarta.com\/es\/producto\/la-masica-de-la-muerte-by-rocio-mercado\/\" class=\"product-image-link\">\n\t\t\t<div class=\"product-labels labels-rectangular\"><span class=\"out-of-stock product-label\">Sold out<\/span><\/div><img fetchpriority=\"high\" decoding=\"async\" width=\"768\" height=\"1024\" src=\"https:\/\/artvallarta.com\/wp-content\/uploads\/2020\/10\/WhatsApp-Image-2020-10-16-at-3.12.57-PM-768x1024.jpeg\" class=\"attachment-large size-large wp-image-50598\" alt=\"\" srcset=\"https:\/\/artvallarta.com\/wp-content\/uploads\/2020\/10\/WhatsApp-Image-2020-10-16-at-3.12.57-PM-768x1024.jpeg 768w, https:\/\/artvallarta.com\/wp-content\/uploads\/2020\/10\/WhatsApp-Image-2020-10-16-at-3.12.57-PM-150x200.jpeg 150w, https:\/\/artvallarta.com\/wp-content\/uploads\/2020\/10\/WhatsApp-Image-2020-10-16-at-3.12.57-PM-225x300.jpeg 225w, https:\/\/artvallarta.com\/wp-content\/uploads\/2020\/10\/WhatsApp-Image-2020-10-16-at-3.12.57-PM.jpeg 960w\" sizes=\"(max-width: 768px) 100vw, 768px\" \/>\t\t<\/a>\n\n\t\t\t\t\t<div class=\"hover-img\">\n\t\t\t\t<a href=\"https:\/\/artvallarta.com\/es\/producto\/la-masica-de-la-muerte-by-rocio-mercado\/\">\n\t\t\t\t\t<img loading=\"lazy\" decoding=\"async\" width=\"768\" height=\"1024\" src=\"https:\/\/artvallarta.com\/wp-content\/uploads\/2020\/10\/WhatsApp-Image-2020-10-16-at-3.13.03-PM-768x1024.jpeg\" class=\"attachment-large size-large wp-image-36685\" alt=\"\" srcset=\"https:\/\/artvallarta.com\/wp-content\/uploads\/2020\/10\/WhatsApp-Image-2020-10-16-at-3.13.03-PM-768x1024.jpeg 768w, https:\/\/artvallarta.com\/wp-content\/uploads\/2020\/10\/WhatsApp-Image-2020-10-16-at-3.13.03-PM-150x200.jpeg 150w, https:\/\/artvallarta.com\/wp-content\/uploads\/2020\/10\/WhatsApp-Image-2020-10-16-at-3.13.03-PM-500x667.jpeg 500w, https:\/\/artvallarta.com\/wp-content\/uploads\/2020\/10\/WhatsApp-Image-2020-10-16-at-3.13.03-PM-225x300.jpeg 225w, https:\/\/artvallarta.com\/wp-content\/uploads\/2020\/10\/WhatsApp-Image-2020-10-16-at-3.13.03-PM.jpeg 960w\" sizes=\"(max-width: 768px) 100vw, 768px\" \/>\t\t\t\t<\/a>\n\t\t\t<\/div>\n\t\t\t\n\t\t<div class=\"wrapp-swatches\">\t\t<div class=\"wd-compare-btn product-compare-button wd-action-btn wd-style-icon wd-compare-icon\">\n\t\t\t<a href=\"https:\/\/artvallarta.com\/es\/compare\/\" data-id=\"36682\" rel=\"nofollow\" data-added-text=\"Compare products\">\n\t\t\t\t<span>Compare<\/span>\n\t\t\t<\/a>\n\t\t<\/div>\n\t\t<\/div>\n\n\t\t\t<\/div>\n\n\t<div class=\"product-element-bottom product-information\">\n\t\t<h3 class=\"wd-entities-title\"><a href=\"https:\/\/artvallarta.com\/es\/producto\/la-masica-de-la-muerte-by-rocio-mercado\/\">La m\u00fasica de la Muerte by Roc\u00edo Mercado<\/a><\/h3>\t\t\t\t<div class=\"product-rating-price\">\n\t\t\t<div class=\"wrapp-product-price\">\n\t\t\t\t\t\t\t\t\n\t<span class=\"price\"><span class=\"woocommerce-Price-amount amount\"><bdi><span class=\"woocommerce-Price-currencySymbol\">MXN<\/span>6,500.00<\/bdi><\/span><\/span>\n\t\t\t<\/div>\n\t\t<\/div>\n\t\t<div class=\"fade-in-block wd-scroll\">\n\t\t\t<div class=\"hover-content wd-more-desc\">\n\t\t\t\t<div class=\"hover-content-inner wd-more-desc-inner\">\n\t\t\t\t\tAcrilico en Madera Original\t\t\t\t<\/div>\n\t\t\t\t<a href=\"#\" rel=\"nofollow\" class=\"wd-more-desc-btn\" aria-label=\"Read more description\"><span><\/span><\/a>\n\t\t\t<\/div>\n\t\t\t<div class=\" wd-bottom-actions\">\n\t\t\t\t<div class=\"wrap-wishlist-button\">\t\t\t<div class=\"wd-wishlist-btn wd-action-btn wd-style-icon wd-wishlist-icon\">\n\t\t\t\t<a class=\"\" href=\"https:\/\/artvallarta.com\/es\/lista-de-deseos\/\" data-key=\"731a5e2d4c\" data-product-id=\"36682\" rel=\"nofollow\" data-added-text=\"Browse Wishlist\">\n\t\t\t\t\t<span>A\u00f1adir a mis favoritos<\/span>\n\t\t\t\t<\/a>\n\t\t\t<\/div>\n\t\t<\/div>\n\t\t\t\t<div class=\"wd-add-btn wd-add-btn-replace\">\n\t\t\t\t\t<a href=\"https:\/\/artvallarta.com\/es\/producto\/la-masica-de-la-muerte-by-rocio-mercado\/\" data-quantity=\"1\" class=\"button product_type_simple add-to-cart-loop\" data-product_id=\"50597\" data-product_sku=\"\" aria-label=\"Lee m\u00e1s sobre &ldquo;La m\u00fasica de la Muerte by Roc\u00edo Mercado&rdquo;\" rel=\"nofollow\" data-success_message=\"\"><span>Leer m\u00e1s<\/span><\/a>\t\t\t\t\t\t\t\t\t<\/div>\n\t\t\t\t<div class=\"wrap-quickview-button\">\t\t<div class=\"quick-view wd-action-btn wd-style-icon wd-quick-view-icon\">\n\t\t\t<a\n\t\t\t\thref=\"https:\/\/artvallarta.com\/es\/producto\/la-masica-de-la-muerte-by-rocio-mercado\/\"\n\t\t\t\tclass=\"open-quick-view quick-view-button\"\n\t\t\t\trel=\"nofollow\"\n\t\t\t\tdata-id=\"50597\"\n\t\t\t\t>Quick view<\/a>\n\t\t<\/div>\n\t\t<\/div>\n\t\t\t<\/div>\n\n\n\t\t\t\t\t\t\n\t\t\t\t\t<\/div>\n\t<\/div>\n<\/div>\n<\/div>\n\t\t\t\t\t\t\t\t<div class=\"product-grid-item product product-no-swatches wd-hover-base wd-hover-with-fade  col-lg-4 col-md-4 col-6 last  type-product post-50663 status-publish first instock product_cat-ernesto-guerra-es product_cat-exhibition-2020-dia-de-los-muertos-es product_cat-gallery-art has-post-thumbnail taxable shipping-taxable purchasable product-type-simple\" data-loop=\"9\" data-id=\"50663\">\n\t\n\t\n<div class=\"product-wrapper\">\n\t<div class=\"content-product-imagin\"><\/div>\n\t<div class=\"product-element-top wd-quick-shop\">\n\t\t<a href=\"https:\/\/artvallarta.com\/es\/producto\/la-senora-by-ernesto-guerra\/\" class=\"product-image-link\">\n\t\t\t<img loading=\"lazy\" decoding=\"async\" width=\"759\" height=\"1024\" src=\"https:\/\/artvallarta.com\/wp-content\/uploads\/2020\/09\/ernestoddm2020-759x1024.jpg\" class=\"attachment-large size-large wp-image-50664\" alt=\"\" srcset=\"https:\/\/artvallarta.com\/wp-content\/uploads\/2020\/09\/ernestoddm2020-759x1024.jpg 759w, https:\/\/artvallarta.com\/wp-content\/uploads\/2020\/09\/ernestoddm2020-150x202.jpg 150w, https:\/\/artvallarta.com\/wp-content\/uploads\/2020\/09\/ernestoddm2020-1000x1349.jpg 1000w, https:\/\/artvallarta.com\/wp-content\/uploads\/2020\/09\/ernestoddm2020-500x674.jpg 500w, https:\/\/artvallarta.com\/wp-content\/uploads\/2020\/09\/ernestoddm2020-222x300.jpg 222w, https:\/\/artvallarta.com\/wp-content\/uploads\/2020\/09\/ernestoddm2020-768x1036.jpg 768w, https:\/\/artvallarta.com\/wp-content\/uploads\/2020\/09\/ernestoddm2020.jpg 1198w\" sizes=\"(max-width: 759px) 100vw, 759px\" \/>\t\t<\/a>\n\n\t\t\n\t\t<div class=\"wrapp-swatches\">\t\t<div class=\"wd-compare-btn product-compare-button wd-action-btn wd-style-icon wd-compare-icon\">\n\t\t\t<a href=\"https:\/\/artvallarta.com\/es\/compare\/\" data-id=\"35348\" rel=\"nofollow\" data-added-text=\"Compare products\">\n\t\t\t\t<span>Compare<\/span>\n\t\t\t<\/a>\n\t\t<\/div>\n\t\t<\/div>\n\n\t\t\t<\/div>\n\n\t<div class=\"product-element-bottom product-information\">\n\t\t<h3 class=\"wd-entities-title\"><a href=\"https:\/\/artvallarta.com\/es\/producto\/la-senora-by-ernesto-guerra\/\">La Se\u00f1ora by Ernesto Guerra<\/a><\/h3>\t\t\t\t<div class=\"product-rating-price\">\n\t\t\t<div class=\"wrapp-product-price\">\n\t\t\t\t\t\t\t\t\n\t<span class=\"price\"><span class=\"woocommerce-Price-amount amount\"><bdi><span class=\"woocommerce-Price-currencySymbol\">MXN<\/span>6,300.00<\/bdi><\/span><\/span>\n\t\t\t<\/div>\n\t\t<\/div>\n\t\t<div class=\"fade-in-block wd-scroll\">\n\t\t\t<div class=\"hover-content wd-more-desc\">\n\t\t\t\t<div class=\"hover-content-inner wd-more-desc-inner\">\n\t\t\t\t\tLa Se\u00f1ora by Ernesto Guerra Acrylic on Canvas 28 x 38 inches Original &nbsp; &nbsp; &nbsp;\t\t\t\t<\/div>\n\t\t\t\t<a href=\"#\" rel=\"nofollow\" class=\"wd-more-desc-btn\" aria-label=\"Read more description\"><span><\/span><\/a>\n\t\t\t<\/div>\n\t\t\t<div class=\" wd-bottom-actions\">\n\t\t\t\t<div class=\"wrap-wishlist-button\">\t\t\t<div class=\"wd-wishlist-btn wd-action-btn wd-style-icon wd-wishlist-icon\">\n\t\t\t\t<a class=\"\" href=\"https:\/\/artvallarta.com\/es\/lista-de-deseos\/\" data-key=\"731a5e2d4c\" data-product-id=\"35348\" rel=\"nofollow\" data-added-text=\"Browse Wishlist\">\n\t\t\t\t\t<span>A\u00f1adir a mis favoritos<\/span>\n\t\t\t\t<\/a>\n\t\t\t<\/div>\n\t\t<\/div>\n\t\t\t\t<div class=\"wd-add-btn wd-add-btn-replace\">\n\t\t\t\t\t<a href=\"\/es\/wp-json\/wp\/v2\/posts\/49937?add-to-cart=50663\" data-quantity=\"1\" class=\"button product_type_simple add_to_cart_button ajax_add_to_cart add-to-cart-loop\" data-product_id=\"50663\" data-product_sku=\"\" aria-label=\"A\u00f1adir al carrito: &ldquo;La Se\u00f1ora by Ernesto Guerra&rdquo;\" rel=\"nofollow\" data-success_message=\"\u00abLa Se\u00f1ora by Ernesto Guerra\u00bb se ha a\u00f1adido a tu carrito\" role=\"button\"><span>A\u00f1adir al carrito<\/span><\/a>\t\t\t\t\t\t\t\t\t<\/div>\n\t\t\t\t<div class=\"wrap-quickview-button\">\t\t<div class=\"quick-view wd-action-btn wd-style-icon wd-quick-view-icon\">\n\t\t\t<a\n\t\t\t\thref=\"https:\/\/artvallarta.com\/es\/producto\/la-senora-by-ernesto-guerra\/\"\n\t\t\t\tclass=\"open-quick-view quick-view-button\"\n\t\t\t\trel=\"nofollow\"\n\t\t\t\tdata-id=\"50663\"\n\t\t\t\t>Quick view<\/a>\n\t\t<\/div>\n\t\t<\/div>\n\t\t\t<\/div>\n\n\n\t\t\t\t\t\t\n\t\t\t\t\t<\/div>\n\t<\/div>\n<\/div>\n<\/div>\n\t\t\t\t\t\t\t\t<div class=\"product-grid-item product product-no-swatches wd-hover-base wd-hover-with-fade  col-lg-4 col-md-4 col-6 first  type-product post-50607 status-publish instock product_cat-decorative-es product_cat-boutique-es product_cat-ernesto-guerra-es product_cat-exhibition-2020-dia-de-los-muertos-es product_cat-gallery-art has-post-thumbnail taxable shipping-taxable purchasable product-type-simple\" data-loop=\"10\" data-id=\"50607\">\n\t\n\t\n<div class=\"product-wrapper\">\n\t<div class=\"content-product-imagin\"><\/div>\n\t<div class=\"product-element-top wd-quick-shop\">\n\t\t<a href=\"https:\/\/artvallarta.com\/es\/producto\/little-wise-guy-by-ernesto-guerra\/\" class=\"product-image-link\">\n\t\t\t<img loading=\"lazy\" decoding=\"async\" width=\"480\" height=\"640\" src=\"https:\/\/artvallarta.com\/wp-content\/uploads\/2020\/10\/IMG_0560-e1602703319427.jpg\" class=\"attachment-large size-large wp-image-50608\" alt=\"\" srcset=\"https:\/\/artvallarta.com\/wp-content\/uploads\/2020\/10\/IMG_0560-e1602703319427.jpg 480w, https:\/\/artvallarta.com\/wp-content\/uploads\/2020\/10\/IMG_0560-e1602703319427-150x200.jpg 150w, https:\/\/artvallarta.com\/wp-content\/uploads\/2020\/10\/IMG_0560-e1602703319427-457x609.jpg 457w, https:\/\/artvallarta.com\/wp-content\/uploads\/2020\/10\/IMG_0560-e1602703319427-225x300.jpg 225w\" sizes=\"(max-width: 480px) 100vw, 480px\" \/>\t\t<\/a>\n\n\t\t\n\t\t<div class=\"wrapp-swatches\">\t\t<div class=\"wd-compare-btn product-compare-button wd-action-btn wd-style-icon wd-compare-icon\">\n\t\t\t<a href=\"https:\/\/artvallarta.com\/es\/compare\/\" data-id=\"36642\" rel=\"nofollow\" data-added-text=\"Compare products\">\n\t\t\t\t<span>Compare<\/span>\n\t\t\t<\/a>\n\t\t<\/div>\n\t\t<\/div>\n\n\t\t\t<\/div>\n\n\t<div class=\"product-element-bottom product-information\">\n\t\t<h3 class=\"wd-entities-title\"><a href=\"https:\/\/artvallarta.com\/es\/producto\/little-wise-guy-by-ernesto-guerra\/\">Little wise guy by Ernesto Guerra<\/a><\/h3>\t\t\t\t<div class=\"product-rating-price\">\n\t\t\t<div class=\"wrapp-product-price\">\n\t\t\t\t\t\t\t\t\n\t<span class=\"price\"><span class=\"woocommerce-Price-amount amount\"><bdi><span class=\"woocommerce-Price-currencySymbol\">MXN<\/span>1,700.00<\/bdi><\/span><\/span>\n\t\t\t<\/div>\n\t\t<\/div>\n\t\t<div class=\"fade-in-block wd-scroll\">\n\t\t\t<div class=\"hover-content wd-more-desc\">\n\t\t\t\t<div class=\"hover-content-inner wd-more-desc-inner\">\n\t\t\t\t\tRecycled materials Multi media\t\t\t\t<\/div>\n\t\t\t\t<a href=\"#\" rel=\"nofollow\" class=\"wd-more-desc-btn\" aria-label=\"Read more description\"><span><\/span><\/a>\n\t\t\t<\/div>\n\t\t\t<div class=\" wd-bottom-actions\">\n\t\t\t\t<div class=\"wrap-wishlist-button\">\t\t\t<div class=\"wd-wishlist-btn wd-action-btn wd-style-icon wd-wishlist-icon\">\n\t\t\t\t<a class=\"\" href=\"https:\/\/artvallarta.com\/es\/lista-de-deseos\/\" data-key=\"731a5e2d4c\" data-product-id=\"36642\" rel=\"nofollow\" data-added-text=\"Browse Wishlist\">\n\t\t\t\t\t<span>A\u00f1adir a mis favoritos<\/span>\n\t\t\t\t<\/a>\n\t\t\t<\/div>\n\t\t<\/div>\n\t\t\t\t<div class=\"wd-add-btn wd-add-btn-replace\">\n\t\t\t\t\t<a href=\"\/es\/wp-json\/wp\/v2\/posts\/49937?add-to-cart=50607\" data-quantity=\"1\" class=\"button product_type_simple add_to_cart_button ajax_add_to_cart add-to-cart-loop\" data-product_id=\"50607\" data-product_sku=\"\" aria-label=\"A\u00f1adir al carrito: &ldquo;Little wise guy by Ernesto Guerra&rdquo;\" rel=\"nofollow\" data-success_message=\"\u00abLittle wise guy by Ernesto Guerra\u00bb se ha a\u00f1adido a tu carrito\" role=\"button\"><span>A\u00f1adir al carrito<\/span><\/a>\t\t\t\t\t\t\t\t\t<\/div>\n\t\t\t\t<div class=\"wrap-quickview-button\">\t\t<div class=\"quick-view wd-action-btn wd-style-icon wd-quick-view-icon\">\n\t\t\t<a\n\t\t\t\thref=\"https:\/\/artvallarta.com\/es\/producto\/little-wise-guy-by-ernesto-guerra\/\"\n\t\t\t\tclass=\"open-quick-view quick-view-button\"\n\t\t\t\trel=\"nofollow\"\n\t\t\t\tdata-id=\"50607\"\n\t\t\t\t>Quick view<\/a>\n\t\t<\/div>\n\t\t<\/div>\n\t\t\t<\/div>\n\n\n\t\t\t\t\t\t\n\t\t\t\t\t<\/div>\n\t<\/div>\n<\/div>\n<\/div>\n\t\t\t\t\t\t\t\t<div class=\"product-grid-item product product-no-swatches wd-hover-base wd-hover-with-fade  col-lg-4 col-md-4 col-6 type-product post-50585 status-publish last instock product_cat-decorative-es product_cat-boutique-es product_cat-exhibition-2020-dia-de-los-muertos-es product_cat-gallery-art has-post-thumbnail taxable shipping-taxable purchasable product-type-simple\" data-loop=\"11\" data-id=\"50585\">\n\t\n\t\n<div class=\"product-wrapper\">\n\t<div class=\"content-product-imagin\"><\/div>\n\t<div class=\"product-element-top wd-quick-shop\">\n\t\t<a href=\"https:\/\/artvallarta.com\/es\/producto\/skull-vase-by-georgia-powell\/\" class=\"product-image-link\">\n\t\t\t<img loading=\"lazy\" decoding=\"async\" width=\"640\" height=\"640\" src=\"https:\/\/artvallarta.com\/wp-content\/uploads\/2020\/11\/IMG_8954.jpg\" class=\"attachment-large size-large wp-image-50587\" alt=\"\" srcset=\"https:\/\/artvallarta.com\/wp-content\/uploads\/2020\/11\/IMG_8954.jpg 640w, https:\/\/artvallarta.com\/wp-content\/uploads\/2020\/11\/IMG_8954-150x150.jpg 150w, https:\/\/artvallarta.com\/wp-content\/uploads\/2020\/11\/IMG_8954-600x600.jpg 600w, https:\/\/artvallarta.com\/wp-content\/uploads\/2020\/11\/IMG_8954-500x500.jpg 500w, https:\/\/artvallarta.com\/wp-content\/uploads\/2020\/11\/IMG_8954-300x300.jpg 300w, https:\/\/artvallarta.com\/wp-content\/uploads\/2020\/11\/IMG_8954-42x42.jpg 42w, https:\/\/artvallarta.com\/wp-content\/uploads\/2020\/11\/IMG_8954-32x32.jpg 32w\" sizes=\"(max-width: 640px) 100vw, 640px\" \/>\t\t<\/a>\n\n\t\t\n\t\t<div class=\"wrapp-swatches\">\t\t<div class=\"wd-compare-btn product-compare-button wd-action-btn wd-style-icon wd-compare-icon\">\n\t\t\t<a href=\"https:\/\/artvallarta.com\/es\/compare\/\" data-id=\"36929\" rel=\"nofollow\" data-added-text=\"Compare products\">\n\t\t\t\t<span>Compare<\/span>\n\t\t\t<\/a>\n\t\t<\/div>\n\t\t<\/div>\n\n\t\t\t<\/div>\n\n\t<div class=\"product-element-bottom product-information\">\n\t\t<h3 class=\"wd-entities-title\"><a href=\"https:\/\/artvallarta.com\/es\/producto\/skull-vase-by-georgia-powell\/\">Skull Vase by Georgia Powell<\/a><\/h3>\t\t\t\t<div class=\"product-rating-price\">\n\t\t\t<div class=\"wrapp-product-price\">\n\t\t\t\t\t\t\t\t\n\t<span class=\"price\"><span class=\"woocommerce-Price-amount amount\"><bdi><span class=\"woocommerce-Price-currencySymbol\">MXN<\/span>1,400.00<\/bdi><\/span><\/span>\n\t\t\t<\/div>\n\t\t<\/div>\n\t\t<div class=\"fade-in-block wd-scroll\">\n\t\t\t<div class=\"hover-content wd-more-desc\">\n\t\t\t\t<div class=\"hover-content-inner wd-more-desc-inner\">\n\t\t\t\t\tHand made vase with a hand carved calavera design on the front and ribbed pattern on the back. The black\t\t\t\t<\/div>\n\t\t\t\t<a href=\"#\" rel=\"nofollow\" class=\"wd-more-desc-btn\" aria-label=\"Read more description\"><span><\/span><\/a>\n\t\t\t<\/div>\n\t\t\t<div class=\" wd-bottom-actions\">\n\t\t\t\t<div class=\"wrap-wishlist-button\">\t\t\t<div class=\"wd-wishlist-btn wd-action-btn wd-style-icon wd-wishlist-icon\">\n\t\t\t\t<a class=\"\" href=\"https:\/\/artvallarta.com\/es\/lista-de-deseos\/\" data-key=\"731a5e2d4c\" data-product-id=\"36929\" rel=\"nofollow\" data-added-text=\"Browse Wishlist\">\n\t\t\t\t\t<span>A\u00f1adir a mis favoritos<\/span>\n\t\t\t\t<\/a>\n\t\t\t<\/div>\n\t\t<\/div>\n\t\t\t\t<div class=\"wd-add-btn wd-add-btn-replace\">\n\t\t\t\t\t<a href=\"\/es\/wp-json\/wp\/v2\/posts\/49937?add-to-cart=50585\" data-quantity=\"1\" class=\"button product_type_simple add_to_cart_button ajax_add_to_cart add-to-cart-loop\" data-product_id=\"50585\" data-product_sku=\"svgp\" aria-label=\"A\u00f1adir al carrito: &ldquo;Skull Vase by Georgia Powell&rdquo;\" rel=\"nofollow\" data-success_message=\"\u00abSkull Vase by Georgia Powell\u00bb se ha a\u00f1adido a tu carrito\" role=\"button\"><span>A\u00f1adir al carrito<\/span><\/a>\t\t\t\t\t\t\t\t\t<\/div>\n\t\t\t\t<div class=\"wrap-quickview-button\">\t\t<div class=\"quick-view wd-action-btn wd-style-icon wd-quick-view-icon\">\n\t\t\t<a\n\t\t\t\thref=\"https:\/\/artvallarta.com\/es\/producto\/skull-vase-by-georgia-powell\/\"\n\t\t\t\tclass=\"open-quick-view quick-view-button\"\n\t\t\t\trel=\"nofollow\"\n\t\t\t\tdata-id=\"50585\"\n\t\t\t\t>Quick view<\/a>\n\t\t<\/div>\n\t\t<\/div>\n\t\t\t<\/div>\n\n\n\t\t\t\t\t\t\n\t\t\t\t\t<\/div>\n\t<\/div>\n<\/div>\n<\/div>\n\t\t\t\t\t\t\t\t<div class=\"product-grid-item product product-no-swatches wd-hover-base wd-hover-with-fade  col-lg-4 col-md-4 col-6 last  type-product post-50579 status-publish first instock product_cat-decorative-es product_cat-boutique-es product_cat-exhibition-2020-dia-de-los-muertos-es product_cat-gallery-art has-post-thumbnail taxable shipping-taxable purchasable product-type-simple\" data-loop=\"12\" data-id=\"50579\">\n\t\n\t\n<div class=\"product-wrapper\">\n\t<div class=\"content-product-imagin\"><\/div>\n\t<div class=\"product-element-top wd-quick-shop\">\n\t\t<a href=\"https:\/\/artvallarta.com\/es\/producto\/tree-of-life-with-blackbirds-by-georgia-powell\/\" class=\"product-image-link\">\n\t\t\t<img loading=\"lazy\" decoding=\"async\" width=\"640\" height=\"640\" src=\"https:\/\/artvallarta.com\/wp-content\/uploads\/2020\/11\/IMG_9074.jpg\" class=\"attachment-large size-large wp-image-50580\" alt=\"\" srcset=\"https:\/\/artvallarta.com\/wp-content\/uploads\/2020\/11\/IMG_9074.jpg 640w, https:\/\/artvallarta.com\/wp-content\/uploads\/2020\/11\/IMG_9074-150x150.jpg 150w, https:\/\/artvallarta.com\/wp-content\/uploads\/2020\/11\/IMG_9074-600x600.jpg 600w, https:\/\/artvallarta.com\/wp-content\/uploads\/2020\/11\/IMG_9074-500x500.jpg 500w, https:\/\/artvallarta.com\/wp-content\/uploads\/2020\/11\/IMG_9074-300x300.jpg 300w, https:\/\/artvallarta.com\/wp-content\/uploads\/2020\/11\/IMG_9074-42x42.jpg 42w, https:\/\/artvallarta.com\/wp-content\/uploads\/2020\/11\/IMG_9074-32x32.jpg 32w\" sizes=\"(max-width: 640px) 100vw, 640px\" \/>\t\t<\/a>\n\n\t\t\n\t\t<div class=\"wrapp-swatches\">\t\t<div class=\"wd-compare-btn product-compare-button wd-action-btn wd-style-icon wd-compare-icon\">\n\t\t\t<a href=\"https:\/\/artvallarta.com\/es\/compare\/\" data-id=\"36942\" rel=\"nofollow\" data-added-text=\"Compare products\">\n\t\t\t\t<span>Compare<\/span>\n\t\t\t<\/a>\n\t\t<\/div>\n\t\t<\/div>\n\n\t\t\t<\/div>\n\n\t<div class=\"product-element-bottom product-information\">\n\t\t<h3 class=\"wd-entities-title\"><a href=\"https:\/\/artvallarta.com\/es\/producto\/tree-of-life-with-blackbirds-by-georgia-powell\/\">Tree of life with blackbirds by Georgia Powell<\/a><\/h3>\t\t\t\t<div class=\"product-rating-price\">\n\t\t\t<div class=\"wrapp-product-price\">\n\t\t\t\t\t\t\t\t\n\t<span class=\"price\"><span class=\"woocommerce-Price-amount amount\"><bdi><span class=\"woocommerce-Price-currencySymbol\">MXN<\/span>2,200.00<\/bdi><\/span><\/span>\n\t\t\t<\/div>\n\t\t<\/div>\n\t\t<div class=\"fade-in-block wd-scroll\">\n\t\t\t<div class=\"hover-content wd-more-desc\">\n\t\t\t\t<div class=\"hover-content-inner wd-more-desc-inner\">\n\t\t\t\t\tTree of life with blackbirds with blackbirds H 27cm\t\t\t\t<\/div>\n\t\t\t\t<a href=\"#\" rel=\"nofollow\" class=\"wd-more-desc-btn\" aria-label=\"Read more description\"><span><\/span><\/a>\n\t\t\t<\/div>\n\t\t\t<div class=\" wd-bottom-actions\">\n\t\t\t\t<div class=\"wrap-wishlist-button\">\t\t\t<div class=\"wd-wishlist-btn wd-action-btn wd-style-icon wd-wishlist-icon\">\n\t\t\t\t<a class=\"\" href=\"https:\/\/artvallarta.com\/es\/lista-de-deseos\/\" data-key=\"731a5e2d4c\" data-product-id=\"36942\" rel=\"nofollow\" data-added-text=\"Browse Wishlist\">\n\t\t\t\t\t<span>A\u00f1adir a mis favoritos<\/span>\n\t\t\t\t<\/a>\n\t\t\t<\/div>\n\t\t<\/div>\n\t\t\t\t<div class=\"wd-add-btn wd-add-btn-replace\">\n\t\t\t\t\t<a href=\"\/es\/wp-json\/wp\/v2\/posts\/49937?add-to-cart=50579\" data-quantity=\"1\" class=\"button product_type_simple add_to_cart_button ajax_add_to_cart add-to-cart-loop\" data-product_id=\"50579\" data-product_sku=\"tofwbbgp\" aria-label=\"A\u00f1adir al carrito: &ldquo;Tree of life with blackbirds by Georgia Powell&rdquo;\" rel=\"nofollow\" data-success_message=\"\u00abTree of life with blackbirds by Georgia Powell\u00bb se ha a\u00f1adido a tu carrito\" role=\"button\"><span>A\u00f1adir al carrito<\/span><\/a>\t\t\t\t\t\t\t\t\t<\/div>\n\t\t\t\t<div class=\"wrap-quickview-button\">\t\t<div class=\"quick-view wd-action-btn wd-style-icon wd-quick-view-icon\">\n\t\t\t<a\n\t\t\t\thref=\"https:\/\/artvallarta.com\/es\/producto\/tree-of-life-with-blackbirds-by-georgia-powell\/\"\n\t\t\t\tclass=\"open-quick-view quick-view-button\"\n\t\t\t\trel=\"nofollow\"\n\t\t\t\tdata-id=\"50579\"\n\t\t\t\t>Quick view<\/a>\n\t\t<\/div>\n\t\t<\/div>\n\t\t\t<\/div>\n\n\n\t\t\t\t\t\t\n\t\t\t\t\t<\/div>\n\t<\/div>\n<\/div>\n<\/div>\n\t\t\t\t\t\t\t\t<div class=\"product-grid-item wd-with-labels product product-no-swatches wd-hover-base wd-hover-with-fade  col-lg-4 col-md-4 col-6 first  type-product post-50581 status-publish outofstock product_cat-decorative-es product_cat-boutique-es product_cat-exhibition-2020-dia-de-los-muertos-es product_cat-gallery-art has-post-thumbnail taxable shipping-taxable purchasable product-type-simple\" data-loop=\"13\" data-id=\"50581\">\n\t\n\t\n<div class=\"product-wrapper\">\n\t<div class=\"content-product-imagin\"><\/div>\n\t<div class=\"product-element-top wd-quick-shop\">\n\t\t<a href=\"https:\/\/artvallarta.com\/es\/producto\/tree-of-life-with-cempasuchils-by-georgia-powell\/\" class=\"product-image-link\">\n\t\t\t<div class=\"product-labels labels-rectangular\"><span class=\"out-of-stock product-label\">Sold out<\/span><\/div><img loading=\"lazy\" decoding=\"async\" width=\"640\" height=\"640\" src=\"https:\/\/artvallarta.com\/wp-content\/uploads\/2020\/11\/IMG_8998.jpg\" class=\"attachment-large size-large wp-image-50582\" alt=\"\" srcset=\"https:\/\/artvallarta.com\/wp-content\/uploads\/2020\/11\/IMG_8998.jpg 640w, https:\/\/artvallarta.com\/wp-content\/uploads\/2020\/11\/IMG_8998-150x150.jpg 150w, https:\/\/artvallarta.com\/wp-content\/uploads\/2020\/11\/IMG_8998-600x600.jpg 600w, https:\/\/artvallarta.com\/wp-content\/uploads\/2020\/11\/IMG_8998-500x500.jpg 500w, https:\/\/artvallarta.com\/wp-content\/uploads\/2020\/11\/IMG_8998-300x300.jpg 300w, https:\/\/artvallarta.com\/wp-content\/uploads\/2020\/11\/IMG_8998-42x42.jpg 42w, https:\/\/artvallarta.com\/wp-content\/uploads\/2020\/11\/IMG_8998-32x32.jpg 32w\" sizes=\"(max-width: 640px) 100vw, 640px\" \/>\t\t<\/a>\n\n\t\t\n\t\t<div class=\"wrapp-swatches\">\t\t<div class=\"wd-compare-btn product-compare-button wd-action-btn wd-style-icon wd-compare-icon\">\n\t\t\t<a href=\"https:\/\/artvallarta.com\/es\/compare\/\" data-id=\"36936\" rel=\"nofollow\" data-added-text=\"Compare products\">\n\t\t\t\t<span>Compare<\/span>\n\t\t\t<\/a>\n\t\t<\/div>\n\t\t<\/div>\n\n\t\t\t<\/div>\n\n\t<div class=\"product-element-bottom product-information\">\n\t\t<h3 class=\"wd-entities-title\"><a href=\"https:\/\/artvallarta.com\/es\/producto\/tree-of-life-with-cempasuchils-by-georgia-powell\/\">Tree of life with Cempasuchils by Georgia Powell<\/a><\/h3>\t\t\t\t<div class=\"product-rating-price\">\n\t\t\t<div class=\"wrapp-product-price\">\n\t\t\t\t\t\t\t\t\n\t<span class=\"price\"><span class=\"woocommerce-Price-amount amount\"><bdi><span class=\"woocommerce-Price-currencySymbol\">MXN<\/span>2,200.00<\/bdi><\/span><\/span>\n\t\t\t<\/div>\n\t\t<\/div>\n\t\t<div class=\"fade-in-block wd-scroll\">\n\t\t\t<div class=\"hover-content wd-more-desc\">\n\t\t\t\t<div class=\"hover-content-inner wd-more-desc-inner\">\n\t\t\t\t\tTree of life with Cempasuchils by Georgia Powell H 27cm\t\t\t\t<\/div>\n\t\t\t\t<a href=\"#\" rel=\"nofollow\" class=\"wd-more-desc-btn\" aria-label=\"Read more description\"><span><\/span><\/a>\n\t\t\t<\/div>\n\t\t\t<div class=\" wd-bottom-actions\">\n\t\t\t\t<div class=\"wrap-wishlist-button\">\t\t\t<div class=\"wd-wishlist-btn wd-action-btn wd-style-icon wd-wishlist-icon\">\n\t\t\t\t<a class=\"\" href=\"https:\/\/artvallarta.com\/es\/lista-de-deseos\/\" data-key=\"731a5e2d4c\" data-product-id=\"36936\" rel=\"nofollow\" data-added-text=\"Browse Wishlist\">\n\t\t\t\t\t<span>A\u00f1adir a mis favoritos<\/span>\n\t\t\t\t<\/a>\n\t\t\t<\/div>\n\t\t<\/div>\n\t\t\t\t<div class=\"wd-add-btn wd-add-btn-replace\">\n\t\t\t\t\t<a href=\"https:\/\/artvallarta.com\/es\/producto\/tree-of-life-with-cempasuchils-by-georgia-powell\/\" data-quantity=\"1\" class=\"button product_type_simple add-to-cart-loop\" data-product_id=\"50581\" data-product_sku=\"cchgp-1\" aria-label=\"Lee m\u00e1s sobre &ldquo;Tree of life with Cempasuchils by Georgia Powell&rdquo;\" rel=\"nofollow\" data-success_message=\"\"><span>Leer m\u00e1s<\/span><\/a>\t\t\t\t\t\t\t\t\t<\/div>\n\t\t\t\t<div class=\"wrap-quickview-button\">\t\t<div class=\"quick-view wd-action-btn wd-style-icon wd-quick-view-icon\">\n\t\t\t<a\n\t\t\t\thref=\"https:\/\/artvallarta.com\/es\/producto\/tree-of-life-with-cempasuchils-by-georgia-powell\/\"\n\t\t\t\tclass=\"open-quick-view quick-view-button\"\n\t\t\t\trel=\"nofollow\"\n\t\t\t\tdata-id=\"50581\"\n\t\t\t\t>Quick view<\/a>\n\t\t<\/div>\n\t\t<\/div>\n\t\t\t<\/div>\n\n\n\t\t\t\t\t\t\n\t\t\t\t\t<\/div>\n\t<\/div>\n<\/div>\n<\/div>\n\t\t\t\t\t\t\t\t<div class=\"product-grid-item product product-no-swatches wd-hover-base wd-hover-with-fade  col-lg-4 col-md-4 col-6 type-product post-51909 status-publish last instock product_cat-exhibition-2018-dia-de-los-muertos-es-2 product_cat-exhibition-2019-dia-de-los-muertos-es-2 product_cat-exhibition-2020-dia-de-los-muertos-es product_cat-gallery-art product_cat-rob-marsh-es has-post-thumbnail taxable shipping-taxable purchasable product-type-simple\" data-loop=\"14\" data-id=\"51909\">\n\t\n\t\n<div class=\"product-wrapper\">\n\t<div class=\"content-product-imagin\"><\/div>\n\t<div class=\"product-element-top wd-quick-shop\">\n\t\t<a href=\"https:\/\/artvallarta.com\/es\/producto\/bird-beak\/\" class=\"product-image-link\">\n\t\t\t<img loading=\"lazy\" decoding=\"async\" width=\"355\" height=\"404\" src=\"https:\/\/artvallarta.com\/wp-content\/uploads\/2019\/08\/IMG_20181016_132625_edited-1.jpg\" class=\"attachment-large size-large wp-image-51910\" alt=\"\" srcset=\"https:\/\/artvallarta.com\/wp-content\/uploads\/2019\/08\/IMG_20181016_132625_edited-1.jpg 355w, https:\/\/artvallarta.com\/wp-content\/uploads\/2019\/08\/IMG_20181016_132625_edited-1-150x171.jpg 150w\" sizes=\"(max-width: 355px) 100vw, 355px\" \/>\t\t<\/a>\n\n\t\t\n\t\t<div class=\"wrapp-swatches\">\t\t<div class=\"wd-compare-btn product-compare-button wd-action-btn wd-style-icon wd-compare-icon\">\n\t\t\t<a href=\"https:\/\/artvallarta.com\/es\/compare\/\" data-id=\"21877\" rel=\"nofollow\" data-added-text=\"Compare products\">\n\t\t\t\t<span>Compare<\/span>\n\t\t\t<\/a>\n\t\t<\/div>\n\t\t<\/div>\n\n\t\t\t<\/div>\n\n\t<div class=\"product-element-bottom product-information\">\n\t\t<h3 class=\"wd-entities-title\"><a href=\"https:\/\/artvallarta.com\/es\/producto\/bird-beak\/\">Bird Beak by Rob Marsh<\/a><\/h3>\t\t\t\t<div class=\"product-rating-price\">\n\t\t\t<div class=\"wrapp-product-price\">\n\t\t\t\t\t\t\t\t\n\t<span class=\"price\"><span class=\"woocommerce-Price-amount amount\"><bdi><span class=\"woocommerce-Price-currencySymbol\">MXN<\/span>5,000.00<\/bdi><\/span><\/span>\n\t\t\t<\/div>\n\t\t<\/div>\n\t\t<div class=\"fade-in-block wd-scroll\">\n\t\t\t<div class=\"hover-content wd-more-desc\">\n\t\t\t\t<div class=\"hover-content-inner wd-more-desc-inner\">\n\t\t\t\t\tArtist Rob Marsh &nbsp; Ceramic &nbsp; Original\t\t\t\t<\/div>\n\t\t\t\t<a href=\"#\" rel=\"nofollow\" class=\"wd-more-desc-btn\" aria-label=\"Read more description\"><span><\/span><\/a>\n\t\t\t<\/div>\n\t\t\t<div class=\" wd-bottom-actions\">\n\t\t\t\t<div class=\"wrap-wishlist-button\">\t\t\t<div class=\"wd-wishlist-btn wd-action-btn wd-style-icon wd-wishlist-icon\">\n\t\t\t\t<a class=\"\" href=\"https:\/\/artvallarta.com\/es\/lista-de-deseos\/\" data-key=\"731a5e2d4c\" data-product-id=\"21877\" rel=\"nofollow\" data-added-text=\"Browse Wishlist\">\n\t\t\t\t\t<span>A\u00f1adir a mis favoritos<\/span>\n\t\t\t\t<\/a>\n\t\t\t<\/div>\n\t\t<\/div>\n\t\t\t\t<div class=\"wd-add-btn wd-add-btn-replace\">\n\t\t\t\t\t<a href=\"\/es\/wp-json\/wp\/v2\/posts\/49937?add-to-cart=51909\" data-quantity=\"1\" class=\"button product_type_simple add_to_cart_button ajax_add_to_cart add-to-cart-loop\" data-product_id=\"51909\" data-product_sku=\"\" aria-label=\"A\u00f1adir al carrito: &ldquo;Bird Beak by Rob Marsh&rdquo;\" rel=\"nofollow\" data-success_message=\"\u00abBird Beak by Rob Marsh\u00bb se ha a\u00f1adido a tu carrito\" role=\"button\"><span>A\u00f1adir al carrito<\/span><\/a>\t\t\t\t\t\t\t\t\t<\/div>\n\t\t\t\t<div class=\"wrap-quickview-button\">\t\t<div class=\"quick-view wd-action-btn wd-style-icon wd-quick-view-icon\">\n\t\t\t<a\n\t\t\t\thref=\"https:\/\/artvallarta.com\/es\/producto\/bird-beak\/\"\n\t\t\t\tclass=\"open-quick-view quick-view-button\"\n\t\t\t\trel=\"nofollow\"\n\t\t\t\tdata-id=\"51909\"\n\t\t\t\t>Quick view<\/a>\n\t\t<\/div>\n\t\t<\/div>\n\t\t\t<\/div>\n\n\n\t\t\t\t\t\t\n\t\t\t\t\t<\/div>\n\t<\/div>\n<\/div>\n<\/div>\n\t\t\t\t\t\t\t\t<div class=\"product-grid-item wd-with-labels product product-no-swatches wd-hover-base wd-hover-with-fade  col-lg-4 col-md-4 col-6 last  type-product post-55803 status-publish first outofstock product_cat-exhibition-2020-dia-de-los-muertos-es product_cat-exhibition-2020-ernesto-guerra-es product_cat-gallery-art has-post-thumbnail taxable shipping-taxable purchasable product-type-simple\" data-loop=\"15\" data-id=\"55803\">\n\t\n\t\n<div class=\"product-wrapper\">\n\t<div class=\"content-product-imagin\"><\/div>\n\t<div class=\"product-element-top wd-quick-shop\">\n\t\t<a href=\"https:\/\/artvallarta.com\/es\/producto\/colibri-humming-bird\/\" class=\"product-image-link\">\n\t\t\t<div class=\"product-labels labels-rectangular\"><span class=\"out-of-stock product-label\">Sold out<\/span><\/div><img loading=\"lazy\" decoding=\"async\" width=\"481\" height=\"640\" src=\"https:\/\/artvallarta.com\/wp-content\/uploads\/2020\/02\/image-3.jpg\" class=\"attachment-large size-large wp-image-55805\" alt=\"\" srcset=\"https:\/\/artvallarta.com\/wp-content\/uploads\/2020\/02\/image-3.jpg 481w, https:\/\/artvallarta.com\/wp-content\/uploads\/2020\/02\/image-3-150x200.jpg 150w, https:\/\/artvallarta.com\/wp-content\/uploads\/2020\/02\/image-3-457x608.jpg 457w, https:\/\/artvallarta.com\/wp-content\/uploads\/2020\/02\/image-3-225x300.jpg 225w\" sizes=\"(max-width: 481px) 100vw, 481px\" \/>\t\t<\/a>\n\n\t\t\n\t\t<div class=\"wrapp-swatches\">\t\t<div class=\"wd-compare-btn product-compare-button wd-action-btn wd-style-icon wd-compare-icon\">\n\t\t\t<a href=\"https:\/\/artvallarta.com\/es\/compare\/\" data-id=\"28523\" rel=\"nofollow\" data-added-text=\"Compare products\">\n\t\t\t\t<span>Compare<\/span>\n\t\t\t<\/a>\n\t\t<\/div>\n\t\t<\/div>\n\n\t\t\t<\/div>\n\n\t<div class=\"product-element-bottom product-information\">\n\t\t<h3 class=\"wd-entities-title\"><a href=\"https:\/\/artvallarta.com\/es\/producto\/colibri-humming-bird\/\">Colibri (Humming Bird) by Ernesto Guerra<\/a><\/h3>\t\t\t\t<div class=\"product-rating-price\">\n\t\t\t<div class=\"wrapp-product-price\">\n\t\t\t\t\t\t\t\t\n\t<span class=\"price\"><span class=\"woocommerce-Price-amount amount\"><bdi><span class=\"woocommerce-Price-currencySymbol\">MXN<\/span>9,360.00<\/bdi><\/span><\/span>\n\t\t\t<\/div>\n\t\t<\/div>\n\t\t<div class=\"fade-in-block wd-scroll\">\n\t\t\t<div class=\"hover-content wd-more-desc\">\n\t\t\t\t<div class=\"hover-content-inner wd-more-desc-inner\">\n\t\t\t\t\tArtist: Ernesto Guerra\r\n\r\nAcrylic on Canvas\r\n\r\nOriginal\t\t\t\t<\/div>\n\t\t\t\t<a href=\"#\" rel=\"nofollow\" class=\"wd-more-desc-btn\" aria-label=\"Read more description\"><span><\/span><\/a>\n\t\t\t<\/div>\n\t\t\t<div class=\" wd-bottom-actions\">\n\t\t\t\t<div class=\"wrap-wishlist-button\">\t\t\t<div class=\"wd-wishlist-btn wd-action-btn wd-style-icon wd-wishlist-icon\">\n\t\t\t\t<a class=\"\" href=\"https:\/\/artvallarta.com\/es\/lista-de-deseos\/\" data-key=\"731a5e2d4c\" data-product-id=\"28523\" rel=\"nofollow\" data-added-text=\"Browse Wishlist\">\n\t\t\t\t\t<span>A\u00f1adir a mis favoritos<\/span>\n\t\t\t\t<\/a>\n\t\t\t<\/div>\n\t\t<\/div>\n\t\t\t\t<div class=\"wd-add-btn wd-add-btn-replace\">\n\t\t\t\t\t<a href=\"https:\/\/artvallarta.com\/es\/producto\/colibri-humming-bird\/\" data-quantity=\"1\" class=\"button product_type_simple add-to-cart-loop\" data-product_id=\"55803\" data-product_sku=\"\" aria-label=\"Lee m\u00e1s sobre &ldquo;Colibri (Humming Bird) by Ernesto Guerra&rdquo;\" rel=\"nofollow\" data-success_message=\"\"><span>Leer m\u00e1s<\/span><\/a>\t\t\t\t\t\t\t\t\t<\/div>\n\t\t\t\t<div class=\"wrap-quickview-button\">\t\t<div class=\"quick-view wd-action-btn wd-style-icon wd-quick-view-icon\">\n\t\t\t<a\n\t\t\t\thref=\"https:\/\/artvallarta.com\/es\/producto\/colibri-humming-bird\/\"\n\t\t\t\tclass=\"open-quick-view quick-view-button\"\n\t\t\t\trel=\"nofollow\"\n\t\t\t\tdata-id=\"55803\"\n\t\t\t\t>Quick view<\/a>\n\t\t<\/div>\n\t\t<\/div>\n\t\t\t<\/div>\n\n\n\t\t\t\t\t\t\n\t\t\t\t\t<\/div>\n\t<\/div>\n<\/div>\n<\/div>\n\t\t\t\t\t\t\t\t<div class=\"product-grid-item product product-no-swatches wd-hover-base wd-hover-with-fade  col-lg-4 col-md-4 col-6 first  type-product post-51921 status-publish instock product_cat-exhibition-2018-dia-de-los-muertos-es-2 product_cat-exhibition-2019-dia-de-los-muertos-es-2 product_cat-exhibition-2020-dia-de-los-muertos-es product_cat-gallery-art product_cat-rob-marsh-es has-post-thumbnail taxable shipping-taxable purchasable product-type-simple\" data-loop=\"16\" data-id=\"51921\">\n\t\n\t\n<div class=\"product-wrapper\">\n\t<div class=\"content-product-imagin\"><\/div>\n\t<div class=\"product-element-top wd-quick-shop\">\n\t\t<a href=\"https:\/\/artvallarta.com\/es\/producto\/demonio-necrofago\/\" class=\"product-image-link\">\n\t\t\t<img loading=\"lazy\" decoding=\"async\" width=\"576\" height=\"1024\" src=\"https:\/\/artvallarta.com\/wp-content\/uploads\/2019\/08\/IMG_20181016_132637-scaled.jpg\" class=\"attachment-large size-large wp-image-51922\" alt=\"\" srcset=\"https:\/\/artvallarta.com\/wp-content\/uploads\/2019\/08\/IMG_20181016_132637-scaled.jpg 1440w, https:\/\/artvallarta.com\/wp-content\/uploads\/2019\/08\/IMG_20181016_132637-scaled-150x267.jpg 150w, https:\/\/artvallarta.com\/wp-content\/uploads\/2019\/08\/IMG_20181016_132637-scaled-1200x2133.jpg 1200w, https:\/\/artvallarta.com\/wp-content\/uploads\/2019\/08\/IMG_20181016_132637-scaled-844x1500.jpg 844w\" sizes=\"(max-width: 576px) 100vw, 576px\" \/>\t\t<\/a>\n\n\t\t\n\t\t<div class=\"wrapp-swatches\">\t\t<div class=\"wd-compare-btn product-compare-button wd-action-btn wd-style-icon wd-compare-icon\">\n\t\t\t<a href=\"https:\/\/artvallarta.com\/es\/compare\/\" data-id=\"21875\" rel=\"nofollow\" data-added-text=\"Compare products\">\n\t\t\t\t<span>Compare<\/span>\n\t\t\t<\/a>\n\t\t<\/div>\n\t\t<\/div>\n\n\t\t\t<\/div>\n\n\t<div class=\"product-element-bottom product-information\">\n\t\t<h3 class=\"wd-entities-title\"><a href=\"https:\/\/artvallarta.com\/es\/producto\/demonio-necrofago\/\">Demonio Necrofago by Rob Marsh<\/a><\/h3>\t\t\t\t<div class=\"product-rating-price\">\n\t\t\t<div class=\"wrapp-product-price\">\n\t\t\t\t\t\t\t\t\n\t<span class=\"price\"><span class=\"woocommerce-Price-amount amount\"><bdi><span class=\"woocommerce-Price-currencySymbol\">MXN<\/span>5,000.00<\/bdi><\/span><\/span>\n\t\t\t<\/div>\n\t\t<\/div>\n\t\t<div class=\"fade-in-block wd-scroll\">\n\t\t\t<div class=\"hover-content wd-more-desc\">\n\t\t\t\t<div class=\"hover-content-inner wd-more-desc-inner\">\n\t\t\t\t\tArtist Rob Marsh &nbsp; Ceramic &nbsp; Original\t\t\t\t<\/div>\n\t\t\t\t<a href=\"#\" rel=\"nofollow\" class=\"wd-more-desc-btn\" aria-label=\"Read more description\"><span><\/span><\/a>\n\t\t\t<\/div>\n\t\t\t<div class=\" wd-bottom-actions\">\n\t\t\t\t<div class=\"wrap-wishlist-button\">\t\t\t<div class=\"wd-wishlist-btn wd-action-btn wd-style-icon wd-wishlist-icon\">\n\t\t\t\t<a class=\"\" href=\"https:\/\/artvallarta.com\/es\/lista-de-deseos\/\" data-key=\"731a5e2d4c\" data-product-id=\"21875\" rel=\"nofollow\" data-added-text=\"Browse Wishlist\">\n\t\t\t\t\t<span>A\u00f1adir a mis favoritos<\/span>\n\t\t\t\t<\/a>\n\t\t\t<\/div>\n\t\t<\/div>\n\t\t\t\t<div class=\"wd-add-btn wd-add-btn-replace\">\n\t\t\t\t\t<a href=\"\/es\/wp-json\/wp\/v2\/posts\/49937?add-to-cart=51921\" data-quantity=\"1\" class=\"button product_type_simple add_to_cart_button ajax_add_to_cart add-to-cart-loop\" data-product_id=\"51921\" data-product_sku=\"\" aria-label=\"A\u00f1adir al carrito: &ldquo;Demonio Necrofago by Rob Marsh&rdquo;\" rel=\"nofollow\" data-success_message=\"\u00abDemonio Necrofago by Rob Marsh\u00bb se ha a\u00f1adido a tu carrito\" role=\"button\"><span>A\u00f1adir al carrito<\/span><\/a>\t\t\t\t\t\t\t\t\t<\/div>\n\t\t\t\t<div class=\"wrap-quickview-button\">\t\t<div class=\"quick-view wd-action-btn wd-style-icon wd-quick-view-icon\">\n\t\t\t<a\n\t\t\t\thref=\"https:\/\/artvallarta.com\/es\/producto\/demonio-necrofago\/\"\n\t\t\t\tclass=\"open-quick-view quick-view-button\"\n\t\t\t\trel=\"nofollow\"\n\t\t\t\tdata-id=\"51921\"\n\t\t\t\t>Quick view<\/a>\n\t\t<\/div>\n\t\t<\/div>\n\t\t\t<\/div>\n\n\n\t\t\t\t\t\t\n\t\t\t\t\t<\/div>\n\t<\/div>\n<\/div>\n<\/div>\n\t\t\t\t\t\t\t\t<div class=\"product-grid-item product product-no-swatches wd-hover-base wd-hover-with-fade  col-lg-4 col-md-4 col-6 type-product post-51911 status-publish last instock product_cat-exhibition-2018-dia-de-los-muertos-es-2 product_cat-exhibition-2019-dia-de-los-muertos-es-2 product_cat-exhibition-2020-dia-de-los-muertos-es product_cat-gallery-art product_cat-rob-marsh-es has-post-thumbnail taxable shipping-taxable purchasable product-type-simple\" data-loop=\"17\" data-id=\"51911\">\n\t\n\t\n<div class=\"product-wrapper\">\n\t<div class=\"content-product-imagin\"><\/div>\n\t<div class=\"product-element-top wd-quick-shop\">\n\t\t<a href=\"https:\/\/artvallarta.com\/es\/producto\/diablillo-verde\/\" class=\"product-image-link\">\n\t\t\t<img loading=\"lazy\" decoding=\"async\" width=\"837\" height=\"1024\" src=\"https:\/\/artvallarta.com\/wp-content\/uploads\/2019\/08\/IMG_20181015_172005-scaled.jpg\" class=\"attachment-large size-large wp-image-51912\" alt=\"\" srcset=\"https:\/\/artvallarta.com\/wp-content\/uploads\/2019\/08\/IMG_20181015_172005-scaled.jpg 2093w, https:\/\/artvallarta.com\/wp-content\/uploads\/2019\/08\/IMG_20181015_172005-scaled-150x183.jpg 150w, https:\/\/artvallarta.com\/wp-content\/uploads\/2019\/08\/IMG_20181015_172005-scaled-1200x1468.jpg 1200w, https:\/\/artvallarta.com\/wp-content\/uploads\/2019\/08\/IMG_20181015_172005-scaled-1000x1223.jpg 1000w\" sizes=\"(max-width: 837px) 100vw, 837px\" \/>\t\t<\/a>\n\n\t\t\n\t\t<div class=\"wrapp-swatches\">\t\t<div class=\"wd-compare-btn product-compare-button wd-action-btn wd-style-icon wd-compare-icon\">\n\t\t\t<a href=\"https:\/\/artvallarta.com\/es\/compare\/\" data-id=\"21878\" rel=\"nofollow\" data-added-text=\"Compare products\">\n\t\t\t\t<span>Compare<\/span>\n\t\t\t<\/a>\n\t\t<\/div>\n\t\t<\/div>\n\n\t\t\t<\/div>\n\n\t<div class=\"product-element-bottom product-information\">\n\t\t<h3 class=\"wd-entities-title\"><a href=\"https:\/\/artvallarta.com\/es\/producto\/diablillo-verde\/\">Diablillo Verde by Rob Marsh<\/a><\/h3>\t\t\t\t<div class=\"product-rating-price\">\n\t\t\t<div class=\"wrapp-product-price\">\n\t\t\t\t\t\t\t\t\n\t<span class=\"price\"><span class=\"woocommerce-Price-amount amount\"><bdi><span class=\"woocommerce-Price-currencySymbol\">MXN<\/span>8,000.00<\/bdi><\/span><\/span>\n\t\t\t<\/div>\n\t\t<\/div>\n\t\t<div class=\"fade-in-block wd-scroll\">\n\t\t\t<div class=\"hover-content wd-more-desc\">\n\t\t\t\t<div class=\"hover-content-inner wd-more-desc-inner\">\n\t\t\t\t\tArtist Rob Marsh &nbsp; Ceramic &nbsp; Original\t\t\t\t<\/div>\n\t\t\t\t<a href=\"#\" rel=\"nofollow\" class=\"wd-more-desc-btn\" aria-label=\"Read more description\"><span><\/span><\/a>\n\t\t\t<\/div>\n\t\t\t<div class=\" wd-bottom-actions\">\n\t\t\t\t<div class=\"wrap-wishlist-button\">\t\t\t<div class=\"wd-wishlist-btn wd-action-btn wd-style-icon wd-wishlist-icon\">\n\t\t\t\t<a class=\"\" href=\"https:\/\/artvallarta.com\/es\/lista-de-deseos\/\" data-key=\"731a5e2d4c\" data-product-id=\"21878\" rel=\"nofollow\" data-added-text=\"Browse Wishlist\">\n\t\t\t\t\t<span>A\u00f1adir a mis favoritos<\/span>\n\t\t\t\t<\/a>\n\t\t\t<\/div>\n\t\t<\/div>\n\t\t\t\t<div class=\"wd-add-btn wd-add-btn-replace\">\n\t\t\t\t\t<a href=\"\/es\/wp-json\/wp\/v2\/posts\/49937?add-to-cart=51911\" data-quantity=\"1\" class=\"button product_type_simple add_to_cart_button ajax_add_to_cart add-to-cart-loop\" data-product_id=\"51911\" data-product_sku=\"\" aria-label=\"A\u00f1adir al carrito: &ldquo;Diablillo Verde by Rob Marsh&rdquo;\" rel=\"nofollow\" data-success_message=\"\u00abDiablillo Verde by Rob Marsh\u00bb se ha a\u00f1adido a tu carrito\" role=\"button\"><span>A\u00f1adir al carrito<\/span><\/a>\t\t\t\t\t\t\t\t\t<\/div>\n\t\t\t\t<div class=\"wrap-quickview-button\">\t\t<div class=\"quick-view wd-action-btn wd-style-icon wd-quick-view-icon\">\n\t\t\t<a\n\t\t\t\thref=\"https:\/\/artvallarta.com\/es\/producto\/diablillo-verde\/\"\n\t\t\t\tclass=\"open-quick-view quick-view-button\"\n\t\t\t\trel=\"nofollow\"\n\t\t\t\tdata-id=\"51911\"\n\t\t\t\t>Quick view<\/a>\n\t\t<\/div>\n\t\t<\/div>\n\t\t\t<\/div>\n\n\n\t\t\t\t\t\t\n\t\t\t\t\t<\/div>\n\t<\/div>\n<\/div>\n<\/div>\n\t\t\t\t\t\t\t\t<div class=\"product-grid-item product product-no-swatches wd-hover-base wd-hover-with-fade  col-lg-4 col-md-4 col-6 last  type-product post-56747 status-publish first instock product_cat-decorative-es product_cat-boutique-es product_cat-exhibition-2019-dia-de-los-muertos-es-2 product_cat-exhibition-concepto-a-mixed-material-art-exhibition-es product_cat-exhibition-2020-dia-de-los-muertos-es product_cat-gallery-art product_cat-robert-holm-es has-post-thumbnail taxable shipping-taxable purchasable product-type-simple\" data-loop=\"18\" data-id=\"56747\">\n\t\n\t\n<div class=\"product-wrapper\">\n\t<div class=\"content-product-imagin\"><\/div>\n\t<div class=\"product-element-top wd-quick-shop\">\n\t\t<a href=\"https:\/\/artvallarta.com\/es\/producto\/el-florero-de-tristeza-y-esperanza-i-ii\/\" class=\"product-image-link\">\n\t\t\t<img loading=\"lazy\" decoding=\"async\" width=\"608\" height=\"1024\" src=\"https:\/\/artvallarta.com\/wp-content\/uploads\/2019\/10\/20191023_154136-scaled-608x1024.jpg\" class=\"attachment-large size-large wp-image-56748\" alt=\"\" srcset=\"https:\/\/artvallarta.com\/wp-content\/uploads\/2019\/10\/20191023_154136-scaled-608x1024.jpg 608w, https:\/\/artvallarta.com\/wp-content\/uploads\/2019\/10\/20191023_154136-scaled-150x253.jpg 150w, https:\/\/artvallarta.com\/wp-content\/uploads\/2019\/10\/20191023_154136-scaled-1200x2022.jpg 1200w, https:\/\/artvallarta.com\/wp-content\/uploads\/2019\/10\/20191023_154136-scaled-890x1500.jpg 890w, https:\/\/artvallarta.com\/wp-content\/uploads\/2019\/10\/20191023_154136-scaled-178x300.jpg 178w, https:\/\/artvallarta.com\/wp-content\/uploads\/2019\/10\/20191023_154136-scaled-768x1294.jpg 768w, https:\/\/artvallarta.com\/wp-content\/uploads\/2019\/10\/20191023_154136-scaled-911x1536.jpg 911w, https:\/\/artvallarta.com\/wp-content\/uploads\/2019\/10\/20191023_154136-scaled-1215x2048.jpg 1215w, https:\/\/artvallarta.com\/wp-content\/uploads\/2019\/10\/20191023_154136-scaled-1320x2225.jpg 1320w, https:\/\/artvallarta.com\/wp-content\/uploads\/2019\/10\/20191023_154136-scaled.jpg 1519w\" sizes=\"(max-width: 608px) 100vw, 608px\" \/>\t\t<\/a>\n\n\t\t\n\t\t<div class=\"wrapp-swatches\">\t\t<div class=\"wd-compare-btn product-compare-button wd-action-btn wd-style-icon wd-compare-icon\">\n\t\t\t<a href=\"https:\/\/artvallarta.com\/es\/compare\/\" data-id=\"24217\" rel=\"nofollow\" data-added-text=\"Compare products\">\n\t\t\t\t<span>Compare<\/span>\n\t\t\t<\/a>\n\t\t<\/div>\n\t\t<\/div>\n\n\t\t\t<\/div>\n\n\t<div class=\"product-element-bottom product-information\">\n\t\t<h3 class=\"wd-entities-title\"><a href=\"https:\/\/artvallarta.com\/es\/producto\/el-florero-de-tristeza-y-esperanza-i-ii\/\">El Florero de Tristeza y Esperanza I \/ II<\/a><\/h3>\t\t\t\t<div class=\"product-rating-price\">\n\t\t\t<div class=\"wrapp-product-price\">\n\t\t\t\t\t\t\t\t\n\t<span class=\"price\"><span class=\"woocommerce-Price-amount amount\"><bdi><span class=\"woocommerce-Price-currencySymbol\">MXN<\/span>3,000.00<\/bdi><\/span><\/span>\n\t\t\t<\/div>\n\t\t<\/div>\n\t\t<div class=\"fade-in-block wd-scroll\">\n\t\t\t<div class=\"hover-content wd-more-desc\">\n\t\t\t\t<div class=\"hover-content-inner wd-more-desc-inner\">\n\t\t\t\t\tCeramic Original\t\t\t\t<\/div>\n\t\t\t\t<a href=\"#\" rel=\"nofollow\" class=\"wd-more-desc-btn\" aria-label=\"Read more description\"><span><\/span><\/a>\n\t\t\t<\/div>\n\t\t\t<div class=\" wd-bottom-actions\">\n\t\t\t\t<div class=\"wrap-wishlist-button\">\t\t\t<div class=\"wd-wishlist-btn wd-action-btn wd-style-icon wd-wishlist-icon\">\n\t\t\t\t<a class=\"\" href=\"https:\/\/artvallarta.com\/es\/lista-de-deseos\/\" data-key=\"731a5e2d4c\" data-product-id=\"24217\" rel=\"nofollow\" data-added-text=\"Browse Wishlist\">\n\t\t\t\t\t<span>A\u00f1adir a mis favoritos<\/span>\n\t\t\t\t<\/a>\n\t\t\t<\/div>\n\t\t<\/div>\n\t\t\t\t<div class=\"wd-add-btn wd-add-btn-replace\">\n\t\t\t\t\t<a href=\"\/es\/wp-json\/wp\/v2\/posts\/49937?add-to-cart=56747\" data-quantity=\"1\" class=\"button product_type_simple add_to_cart_button ajax_add_to_cart add-to-cart-loop\" data-product_id=\"56747\" data-product_sku=\"\" aria-label=\"A\u00f1adir al carrito: &ldquo;El Florero de Tristeza y Esperanza I \/ II&rdquo;\" rel=\"nofollow\" data-success_message=\"\u00abEl Florero de Tristeza y Esperanza I \/ II\u00bb se ha a\u00f1adido a tu carrito\" role=\"button\"><span>A\u00f1adir al carrito<\/span><\/a>\t\t\t\t\t\t\t\t\t<\/div>\n\t\t\t\t<div class=\"wrap-quickview-button\">\t\t<div class=\"quick-view wd-action-btn wd-style-icon wd-quick-view-icon\">\n\t\t\t<a\n\t\t\t\thref=\"https:\/\/artvallarta.com\/es\/producto\/el-florero-de-tristeza-y-esperanza-i-ii\/\"\n\t\t\t\tclass=\"open-quick-view quick-view-button\"\n\t\t\t\trel=\"nofollow\"\n\t\t\t\tdata-id=\"56747\"\n\t\t\t\t>Quick view<\/a>\n\t\t<\/div>\n\t\t<\/div>\n\t\t\t<\/div>\n\n\n\t\t\t\t\t\t\n\t\t\t\t\t<\/div>\n\t<\/div>\n<\/div>\n<\/div>\n\t\t\t\t\t\t\t\t<div class=\"product-grid-item product product-no-swatches wd-hover-base wd-hover-with-fade  col-lg-4 col-md-4 col-6 first  type-product post-51913 status-publish instock product_cat-exhibition-2018-dia-de-los-muertos-es-2 product_cat-exhibition-2019-dia-de-los-muertos-es-2 product_cat-exhibition-concepto-a-mixed-material-art-exhibition-es product_cat-exhibition-2020-dia-de-los-muertos-es product_cat-gallery-art product_cat-rob-marsh-es has-post-thumbnail taxable shipping-taxable purchasable product-type-simple\" data-loop=\"19\" data-id=\"51913\">\n\t\n\t\n<div class=\"product-wrapper\">\n\t<div class=\"content-product-imagin\"><\/div>\n\t<div class=\"product-element-top wd-quick-shop\">\n\t\t<a href=\"https:\/\/artvallarta.com\/es\/producto\/food-for-thought\/\" class=\"product-image-link\">\n\t\t\t<img loading=\"lazy\" decoding=\"async\" width=\"261\" height=\"389\" src=\"https:\/\/artvallarta.com\/wp-content\/uploads\/2019\/08\/IMG_20181016_132625_edited.jpg\" class=\"attachment-large size-large wp-image-51914\" alt=\"\" srcset=\"https:\/\/artvallarta.com\/wp-content\/uploads\/2019\/08\/IMG_20181016_132625_edited.jpg 261w, https:\/\/artvallarta.com\/wp-content\/uploads\/2019\/08\/IMG_20181016_132625_edited-150x224.jpg 150w\" sizes=\"(max-width: 261px) 100vw, 261px\" \/>\t\t<\/a>\n\n\t\t\n\t\t<div class=\"wrapp-swatches\">\t\t<div class=\"wd-compare-btn product-compare-button wd-action-btn wd-style-icon wd-compare-icon\">\n\t\t\t<a href=\"https:\/\/artvallarta.com\/es\/compare\/\" data-id=\"21879\" rel=\"nofollow\" data-added-text=\"Compare products\">\n\t\t\t\t<span>Compare<\/span>\n\t\t\t<\/a>\n\t\t<\/div>\n\t\t<\/div>\n\n\t\t\t<\/div>\n\n\t<div class=\"product-element-bottom product-information\">\n\t\t<h3 class=\"wd-entities-title\"><a href=\"https:\/\/artvallarta.com\/es\/producto\/food-for-thought\/\">Food for Thought by Rob Marsh<\/a><\/h3>\t\t\t\t<div class=\"product-rating-price\">\n\t\t\t<div class=\"wrapp-product-price\">\n\t\t\t\t\t\t\t\t\n\t<span class=\"price\"><span class=\"woocommerce-Price-amount amount\"><bdi><span class=\"woocommerce-Price-currencySymbol\">MXN<\/span>6,000.00<\/bdi><\/span><\/span>\n\t\t\t<\/div>\n\t\t<\/div>\n\t\t<div class=\"fade-in-block wd-scroll\">\n\t\t\t<div class=\"hover-content wd-more-desc\">\n\t\t\t\t<div class=\"hover-content-inner wd-more-desc-inner\">\n\t\t\t\t\tArtist Rob Marsh &nbsp; Ceramic &nbsp; Original\t\t\t\t<\/div>\n\t\t\t\t<a href=\"#\" rel=\"nofollow\" class=\"wd-more-desc-btn\" aria-label=\"Read more description\"><span><\/span><\/a>\n\t\t\t<\/div>\n\t\t\t<div class=\" wd-bottom-actions\">\n\t\t\t\t<div class=\"wrap-wishlist-button\">\t\t\t<div class=\"wd-wishlist-btn wd-action-btn wd-style-icon wd-wishlist-icon\">\n\t\t\t\t<a class=\"\" href=\"https:\/\/artvallarta.com\/es\/lista-de-deseos\/\" data-key=\"731a5e2d4c\" data-product-id=\"21879\" rel=\"nofollow\" data-added-text=\"Browse Wishlist\">\n\t\t\t\t\t<span>A\u00f1adir a mis favoritos<\/span>\n\t\t\t\t<\/a>\n\t\t\t<\/div>\n\t\t<\/div>\n\t\t\t\t<div class=\"wd-add-btn wd-add-btn-replace\">\n\t\t\t\t\t<a href=\"\/es\/wp-json\/wp\/v2\/posts\/49937?add-to-cart=51913\" data-quantity=\"1\" class=\"button product_type_simple add_to_cart_button ajax_add_to_cart add-to-cart-loop\" data-product_id=\"51913\" data-product_sku=\"\" aria-label=\"A\u00f1adir al carrito: &ldquo;Food for Thought by Rob Marsh&rdquo;\" rel=\"nofollow\" data-success_message=\"\u00abFood for Thought by Rob Marsh\u00bb se ha a\u00f1adido a tu carrito\" role=\"button\"><span>A\u00f1adir al carrito<\/span><\/a>\t\t\t\t\t\t\t\t\t<\/div>\n\t\t\t\t<div class=\"wrap-quickview-button\">\t\t<div class=\"quick-view wd-action-btn wd-style-icon wd-quick-view-icon\">\n\t\t\t<a\n\t\t\t\thref=\"https:\/\/artvallarta.com\/es\/producto\/food-for-thought\/\"\n\t\t\t\tclass=\"open-quick-view quick-view-button\"\n\t\t\t\trel=\"nofollow\"\n\t\t\t\tdata-id=\"51913\"\n\t\t\t\t>Quick view<\/a>\n\t\t<\/div>\n\t\t<\/div>\n\t\t\t<\/div>\n\n\n\t\t\t\t\t\t\n\t\t\t\t\t<\/div>\n\t<\/div>\n<\/div>\n<\/div>\n\t\t\t\t\t\t\t\t<div class=\"product-grid-item product product-no-swatches wd-hover-base wd-hover-with-fade  col-lg-4 col-md-4 col-6 type-product post-46892 status-publish last instock product_cat-2020-dia-de-los-muertos-es product_cat-clases product_cat-painting-classes-es product_cat-clases-destacadas has-post-thumbnail virtual taxable purchasable product-type-simple\" data-loop=\"20\" data-id=\"46892\">\n\t\n\t\n<div class=\"product-wrapper\">\n\t<div class=\"content-product-imagin\"><\/div>\n\t<div class=\"product-element-top wd-quick-shop\">\n\t\t<a href=\"https:\/\/artvallarta.com\/es\/producto\/freestyle-acrylic-painting-class\/\" class=\"product-image-link\">\n\t\t\t<img loading=\"lazy\" decoding=\"async\" width=\"576\" height=\"1024\" src=\"https:\/\/artvallarta.com\/wp-content\/uploads\/2020\/01\/IMG_9053-576x1024.png\" class=\"attachment-large size-large wp-image-46981\" alt=\"\" srcset=\"https:\/\/artvallarta.com\/wp-content\/uploads\/2020\/01\/IMG_9053-576x1024.png 576w, https:\/\/artvallarta.com\/wp-content\/uploads\/2020\/01\/IMG_9053-150x267.png 150w, https:\/\/artvallarta.com\/wp-content\/uploads\/2020\/01\/IMG_9053-843x1500.png 843w, https:\/\/artvallarta.com\/wp-content\/uploads\/2020\/01\/IMG_9053-500x889.png 500w, https:\/\/artvallarta.com\/wp-content\/uploads\/2020\/01\/IMG_9053-169x300.png 169w, https:\/\/artvallarta.com\/wp-content\/uploads\/2020\/01\/IMG_9053-768x1366.png 768w, https:\/\/artvallarta.com\/wp-content\/uploads\/2020\/01\/IMG_9053.png 1125w\" sizes=\"(max-width: 576px) 100vw, 576px\" \/>\t\t<\/a>\n\n\t\t\n\t\t<div class=\"wrapp-swatches\">\t\t<div class=\"wd-compare-btn product-compare-button wd-action-btn wd-style-icon wd-compare-icon\">\n\t\t\t<a href=\"https:\/\/artvallarta.com\/es\/compare\/\" data-id=\"27304\" rel=\"nofollow\" data-added-text=\"Compare products\">\n\t\t\t\t<span>Compare<\/span>\n\t\t\t<\/a>\n\t\t<\/div>\n\t\t<\/div>\n\n\t\t\t<\/div>\n\n\t<div class=\"product-element-bottom product-information\">\n\t\t<h3 class=\"wd-entities-title\"><a href=\"https:\/\/artvallarta.com\/es\/producto\/freestyle-acrylic-painting-class\/\">Pintura acr\u00edlica de estilo libre<\/a><\/h3>\t\t\t\t<div class=\"product-rating-price\">\n\t\t\t<div class=\"wrapp-product-price\">\n\t\t\t\t\t\t\t\t\n\t<span class=\"price\"><span class=\"woocommerce-Price-amount amount\"><bdi><span class=\"woocommerce-Price-currencySymbol\">MXN<\/span>675.00<\/bdi><\/span><\/span>\n\t\t\t<\/div>\n\t\t<\/div>\n\t\t<div class=\"fade-in-block wd-scroll\">\n\t\t\t<div class=\"hover-content wd-more-desc\">\n\t\t\t\t<div class=\"hover-content-inner wd-more-desc-inner\">\n\t\t\t\t\tPintura acr\u00edlica de estilo libre es una clase en la que puedes hacer cualquier tema de una pintura que te gustar\u00eda mientras aprendes.\r\n\r\n\u00bfTiene una idea de pintura que le gustar\u00eda pintar y le gustar\u00eda hacerlo con el apoyo de un instructor? Esta clase es ideal para ti! Esta es una clase excelente para un pintor principiante, estudiante o recreativo que disfruta estar rodeado de otros pintores.\r\n\r\nEl material para pintar ideas tambi\u00e9n est\u00e1 en el estudio para que puedas inspirarte con tus proyectos.\r\n\r\nErnesto Guerra ser\u00e1 el instructor principal de esta clase que ocurre una vez a la semana. Podr\u00e1s dejar tu pintura en el estudio de clase en clase o llevarte tu lienzo a casa para continuar en tu tiempo libre. El estudio tiene caballetes de piso y mesa para que pueda configurar su \u00e1rea. Ernesto ofrecer\u00e1 instrucci\u00f3n b\u00e1sica y ofrecer\u00e1 cr\u00edticas y orientaci\u00f3n cuando lo desee. Ernesto es un maestro encantador y amable, y su obra tambi\u00e9n aparece en ART VallARTA.\r\n\r\nSi eres un turista a corto plazo, esta clase tambi\u00e9n ofrecer\u00e1 suministros b\u00e1sicos y la tienda ART VallARTa en el nivel del suelo tiene lienzos de muchos tama\u00f1os y cualquier suministro adicional que quieras usar durante o despu\u00e9s de la clase. Ernesto habla ingl\u00e9s y espa\u00f1ol con fluidez. S\u00e1bados 1:00 pm - 4:00 pm - 10:00 am-1:00pm a partir del 1 de mayo de 2021\r\n\r\n&nbsp;\r\n\r\n&nbsp;\t\t\t\t<\/div>\n\t\t\t\t<a href=\"#\" rel=\"nofollow\" class=\"wd-more-desc-btn\" aria-label=\"Read more description\"><span><\/span><\/a>\n\t\t\t<\/div>\n\t\t\t<div class=\" wd-bottom-actions\">\n\t\t\t\t<div class=\"wrap-wishlist-button\">\t\t\t<div class=\"wd-wishlist-btn wd-action-btn wd-style-icon wd-wishlist-icon\">\n\t\t\t\t<a class=\"\" href=\"https:\/\/artvallarta.com\/es\/lista-de-deseos\/\" data-key=\"731a5e2d4c\" data-product-id=\"27304\" rel=\"nofollow\" data-added-text=\"Browse Wishlist\">\n\t\t\t\t\t<span>A\u00f1adir a mis favoritos<\/span>\n\t\t\t\t<\/a>\n\t\t\t<\/div>\n\t\t<\/div>\n\t\t\t\t<div class=\"wd-add-btn wd-add-btn-replace\">\n\t\t\t\t\t<a href=\"https:\/\/artvallarta.com\/es\/producto\/freestyle-acrylic-painting-class\/\" data-quantity=\"1\" class=\"button product_type_simple add_to_cart_button add-to-cart-loop\" data-product_id=\"46892\" data-product_sku=\"\" aria-label=\"A\u00f1adir al carrito: &ldquo;Pintura acr\u00edlica de estilo libre&rdquo;\" rel=\"nofollow\" data-success_message=\"\u00abPintura acr\u00edlica de estilo libre\u00bb se ha a\u00f1adido a tu carrito\"><span>Seleccionar opciones<\/span><\/a>\t\t\t\t\t\t\t\t\t<\/div>\n\t\t\t\t<div class=\"wrap-quickview-button\">\t\t<div class=\"quick-view wd-action-btn wd-style-icon wd-quick-view-icon\">\n\t\t\t<a\n\t\t\t\thref=\"https:\/\/artvallarta.com\/es\/producto\/freestyle-acrylic-painting-class\/\"\n\t\t\t\tclass=\"open-quick-view quick-view-button\"\n\t\t\t\trel=\"nofollow\"\n\t\t\t\tdata-id=\"46892\"\n\t\t\t\t>Quick view<\/a>\n\t\t<\/div>\n\t\t<\/div>\n\t\t\t<\/div>\n\n\n\t\t\t\t\t\t\n\t\t\t\t\t<\/div>\n\t<\/div>\n<\/div>\n<\/div>\n\t\t\t\t\t\t\t\t<div class=\"product-grid-item product product-no-swatches wd-hover-base wd-hover-with-fade  col-lg-4 col-md-4 col-6 last  type-product post-51915 status-publish first instock product_cat-exhibition-2018-dia-de-los-muertos-es-2 product_cat-exhibition-2019-dia-de-los-muertos-es-2 product_cat-exhibition-2020-dia-de-los-muertos-es product_cat-gallery-art product_cat-rob-marsh-es has-post-thumbnail taxable shipping-taxable purchasable product-type-simple\" data-loop=\"21\" data-id=\"51915\">\n\t\n\t\n<div class=\"product-wrapper\">\n\t<div class=\"content-product-imagin\"><\/div>\n\t<div class=\"product-element-top wd-quick-shop\">\n\t\t<a href=\"https:\/\/artvallarta.com\/es\/producto\/latin-mask-o-lantern\/\" class=\"product-image-link\">\n\t\t\t<img loading=\"lazy\" decoding=\"async\" width=\"576\" height=\"1024\" src=\"https:\/\/artvallarta.com\/wp-content\/uploads\/2019\/08\/IMG_20181016_132644-scaled-576x1024.jpg\" class=\"attachment-large size-large wp-image-51916\" alt=\"\" srcset=\"https:\/\/artvallarta.com\/wp-content\/uploads\/2019\/08\/IMG_20181016_132644-scaled-576x1024.jpg 576w, https:\/\/artvallarta.com\/wp-content\/uploads\/2019\/08\/IMG_20181016_132644-scaled-150x267.jpg 150w, https:\/\/artvallarta.com\/wp-content\/uploads\/2019\/08\/IMG_20181016_132644-scaled-1200x2133.jpg 1200w, https:\/\/artvallarta.com\/wp-content\/uploads\/2019\/08\/IMG_20181016_132644-scaled-844x1500.jpg 844w, https:\/\/artvallarta.com\/wp-content\/uploads\/2019\/08\/IMG_20181016_132644-scaled-169x300.jpg 169w, https:\/\/artvallarta.com\/wp-content\/uploads\/2019\/08\/IMG_20181016_132644-scaled-768x1365.jpg 768w, https:\/\/artvallarta.com\/wp-content\/uploads\/2019\/08\/IMG_20181016_132644-scaled.jpg 1440w\" sizes=\"(max-width: 576px) 100vw, 576px\" \/>\t\t<\/a>\n\n\t\t\n\t\t<div class=\"wrapp-swatches\">\t\t<div class=\"wd-compare-btn product-compare-button wd-action-btn wd-style-icon wd-compare-icon\">\n\t\t\t<a href=\"https:\/\/artvallarta.com\/es\/compare\/\" data-id=\"21880\" rel=\"nofollow\" data-added-text=\"Compare products\">\n\t\t\t\t<span>Compare<\/span>\n\t\t\t<\/a>\n\t\t<\/div>\n\t\t<\/div>\n\n\t\t\t<\/div>\n\n\t<div class=\"product-element-bottom product-information\">\n\t\t<h3 class=\"wd-entities-title\"><a href=\"https:\/\/artvallarta.com\/es\/producto\/latin-mask-o-lantern\/\">Latin mask-o-lantern by Rob Marsh<\/a><\/h3>\t\t\t\t<div class=\"product-rating-price\">\n\t\t\t<div class=\"wrapp-product-price\">\n\t\t\t\t\t\t\t\t\n\t<span class=\"price\"><span class=\"woocommerce-Price-amount amount\"><bdi><span class=\"woocommerce-Price-currencySymbol\">MXN<\/span>3,000.00<\/bdi><\/span><\/span>\n\t\t\t<\/div>\n\t\t<\/div>\n\t\t<div class=\"fade-in-block wd-scroll\">\n\t\t\t<div class=\"hover-content wd-more-desc\">\n\t\t\t\t<div class=\"hover-content-inner wd-more-desc-inner\">\n\t\t\t\t\tArtist Rob Marsh &nbsp; Ceramic &nbsp; Original\t\t\t\t<\/div>\n\t\t\t\t<a href=\"#\" rel=\"nofollow\" class=\"wd-more-desc-btn\" aria-label=\"Read more description\"><span><\/span><\/a>\n\t\t\t<\/div>\n\t\t\t<div class=\" wd-bottom-actions\">\n\t\t\t\t<div class=\"wrap-wishlist-button\">\t\t\t<div class=\"wd-wishlist-btn wd-action-btn wd-style-icon wd-wishlist-icon\">\n\t\t\t\t<a class=\"\" href=\"https:\/\/artvallarta.com\/es\/lista-de-deseos\/\" data-key=\"731a5e2d4c\" data-product-id=\"21880\" rel=\"nofollow\" data-added-text=\"Browse Wishlist\">\n\t\t\t\t\t<span>A\u00f1adir a mis favoritos<\/span>\n\t\t\t\t<\/a>\n\t\t\t<\/div>\n\t\t<\/div>\n\t\t\t\t<div class=\"wd-add-btn wd-add-btn-replace\">\n\t\t\t\t\t<a href=\"\/es\/wp-json\/wp\/v2\/posts\/49937?add-to-cart=51915\" data-quantity=\"1\" class=\"button product_type_simple add_to_cart_button ajax_add_to_cart add-to-cart-loop\" data-product_id=\"51915\" data-product_sku=\"\" aria-label=\"A\u00f1adir al carrito: &ldquo;Latin mask-o-lantern by Rob Marsh&rdquo;\" rel=\"nofollow\" data-success_message=\"\u00abLatin mask-o-lantern by Rob Marsh\u00bb se ha a\u00f1adido a tu carrito\" role=\"button\"><span>A\u00f1adir al carrito<\/span><\/a>\t\t\t\t\t\t\t\t\t<\/div>\n\t\t\t\t<div class=\"wrap-quickview-button\">\t\t<div class=\"quick-view wd-action-btn wd-style-icon wd-quick-view-icon\">\n\t\t\t<a\n\t\t\t\thref=\"https:\/\/artvallarta.com\/es\/producto\/latin-mask-o-lantern\/\"\n\t\t\t\tclass=\"open-quick-view quick-view-button\"\n\t\t\t\trel=\"nofollow\"\n\t\t\t\tdata-id=\"51915\"\n\t\t\t\t>Quick view<\/a>\n\t\t<\/div>\n\t\t<\/div>\n\t\t\t<\/div>\n\n\n\t\t\t\t\t\t\n\t\t\t\t\t<\/div>\n\t<\/div>\n<\/div>\n<\/div>\n\t\t\t\t\t\t\t\t<div class=\"product-grid-item product product-no-swatches wd-hover-base wd-hover-with-fade  col-lg-4 col-md-4 col-6 first  type-product post-51917 status-publish instock product_cat-exhibition-2018-dia-de-los-muertos-es-2 product_cat-exhibition-2019-dia-de-los-muertos-es-2 product_cat-exhibition-2020-dia-de-los-muertos-es product_cat-gallery-art product_cat-rob-marsh-es product_cat-ceramic-tableware-es has-post-thumbnail taxable shipping-taxable purchasable product-type-simple\" data-loop=\"22\" data-id=\"51917\">\n\t\n\t\n<div class=\"product-wrapper\">\n\t<div class=\"content-product-imagin\"><\/div>\n\t<div class=\"product-element-top wd-quick-shop\">\n\t\t<a href=\"https:\/\/artvallarta.com\/es\/producto\/los-muertos-large-skull-pot\/\" class=\"product-image-link\">\n\t\t\t<img loading=\"lazy\" decoding=\"async\" width=\"983\" height=\"1024\" src=\"https:\/\/artvallarta.com\/wp-content\/uploads\/2019\/08\/IMG_20181031_165025-e1568749684437.jpg\" class=\"attachment-large size-large wp-image-51918\" alt=\"\" srcset=\"https:\/\/artvallarta.com\/wp-content\/uploads\/2019\/08\/IMG_20181031_165025-e1568749684437.jpg 2334w, https:\/\/artvallarta.com\/wp-content\/uploads\/2019\/08\/IMG_20181031_165025-e1568749684437-150x156.jpg 150w, https:\/\/artvallarta.com\/wp-content\/uploads\/2019\/08\/IMG_20181031_165025-e1568749684437-1200x1250.jpg 1200w, https:\/\/artvallarta.com\/wp-content\/uploads\/2019\/08\/IMG_20181031_165025-e1568749684437-1000x1042.jpg 1000w\" sizes=\"(max-width: 983px) 100vw, 983px\" \/>\t\t<\/a>\n\n\t\t\n\t\t<div class=\"wrapp-swatches\">\t\t<div class=\"wd-compare-btn product-compare-button wd-action-btn wd-style-icon wd-compare-icon\">\n\t\t\t<a href=\"https:\/\/artvallarta.com\/es\/compare\/\" data-id=\"21873\" rel=\"nofollow\" data-added-text=\"Compare products\">\n\t\t\t\t<span>Compare<\/span>\n\t\t\t<\/a>\n\t\t<\/div>\n\t\t<\/div>\n\n\t\t\t<\/div>\n\n\t<div class=\"product-element-bottom product-information\">\n\t\t<h3 class=\"wd-entities-title\"><a href=\"https:\/\/artvallarta.com\/es\/producto\/los-muertos-large-skull-pot\/\">Los Muertos large skull pot by Rob Marsh<\/a><\/h3>\t\t\t\t<div class=\"product-rating-price\">\n\t\t\t<div class=\"wrapp-product-price\">\n\t\t\t\t\t\t\t\t\n\t<span class=\"price\"><span class=\"woocommerce-Price-amount amount\"><bdi><span class=\"woocommerce-Price-currencySymbol\">MXN<\/span>6,500.00<\/bdi><\/span><\/span>\n\t\t\t<\/div>\n\t\t<\/div>\n\t\t<div class=\"fade-in-block wd-scroll\">\n\t\t\t<div class=\"hover-content wd-more-desc\">\n\t\t\t\t<div class=\"hover-content-inner wd-more-desc-inner\">\n\t\t\t\t\tArtist: Rob Marsh &nbsp; Ceramics &nbsp; Original\t\t\t\t<\/div>\n\t\t\t\t<a href=\"#\" rel=\"nofollow\" class=\"wd-more-desc-btn\" aria-label=\"Read more description\"><span><\/span><\/a>\n\t\t\t<\/div>\n\t\t\t<div class=\" wd-bottom-actions\">\n\t\t\t\t<div class=\"wrap-wishlist-button\">\t\t\t<div class=\"wd-wishlist-btn wd-action-btn wd-style-icon wd-wishlist-icon\">\n\t\t\t\t<a class=\"\" href=\"https:\/\/artvallarta.com\/es\/lista-de-deseos\/\" data-key=\"731a5e2d4c\" data-product-id=\"21873\" rel=\"nofollow\" data-added-text=\"Browse Wishlist\">\n\t\t\t\t\t<span>A\u00f1adir a mis favoritos<\/span>\n\t\t\t\t<\/a>\n\t\t\t<\/div>\n\t\t<\/div>\n\t\t\t\t<div class=\"wd-add-btn wd-add-btn-replace\">\n\t\t\t\t\t<a href=\"\/es\/wp-json\/wp\/v2\/posts\/49937?add-to-cart=51917\" data-quantity=\"1\" class=\"button product_type_simple add_to_cart_button ajax_add_to_cart add-to-cart-loop\" data-product_id=\"51917\" data-product_sku=\"\" aria-label=\"A\u00f1adir al carrito: &ldquo;Los Muertos large skull pot by Rob Marsh&rdquo;\" rel=\"nofollow\" data-success_message=\"\u00abLos Muertos large skull pot by Rob Marsh\u00bb se ha a\u00f1adido a tu carrito\" role=\"button\"><span>A\u00f1adir al carrito<\/span><\/a>\t\t\t\t\t\t\t\t\t<\/div>\n\t\t\t\t<div class=\"wrap-quickview-button\">\t\t<div class=\"quick-view wd-action-btn wd-style-icon wd-quick-view-icon\">\n\t\t\t<a\n\t\t\t\thref=\"https:\/\/artvallarta.com\/es\/producto\/los-muertos-large-skull-pot\/\"\n\t\t\t\tclass=\"open-quick-view quick-view-button\"\n\t\t\t\trel=\"nofollow\"\n\t\t\t\tdata-id=\"51917\"\n\t\t\t\t>Quick view<\/a>\n\t\t<\/div>\n\t\t<\/div>\n\t\t\t<\/div>\n\n\n\t\t\t\t\t\t\n\t\t\t\t\t<\/div>\n\t<\/div>\n<\/div>\n<\/div>\n\t\t\t\t\t\t\t\t<div class=\"product-grid-item wd-with-labels product product-no-swatches wd-hover-base wd-hover-with-fade  col-lg-4 col-md-4 col-6 type-product post-55792 status-publish last outofstock product_cat-ernesto-guerra-es product_cat-exhibition-2020-dia-de-los-muertos-es product_cat-gallery-art has-post-thumbnail taxable shipping-taxable purchasable product-type-simple\" data-loop=\"23\" data-id=\"55792\">\n\t\n\t\n<div class=\"product-wrapper\">\n\t<div class=\"content-product-imagin\"><\/div>\n\t<div class=\"product-element-top wd-quick-shop\">\n\t\t<a href=\"https:\/\/artvallarta.com\/es\/producto\/low-down\/\" class=\"product-image-link\">\n\t\t\t<div class=\"product-labels labels-rectangular\"><span class=\"out-of-stock product-label\">Sold out<\/span><\/div><img loading=\"lazy\" decoding=\"async\" width=\"500\" height=\"640\" src=\"https:\/\/artvallarta.com\/wp-content\/uploads\/2020\/02\/image-4.jpg\" class=\"attachment-large size-large wp-image-55794\" alt=\"\" srcset=\"https:\/\/artvallarta.com\/wp-content\/uploads\/2020\/02\/image-4.jpg 500w, https:\/\/artvallarta.com\/wp-content\/uploads\/2020\/02\/image-4-150x192.jpg 150w, https:\/\/artvallarta.com\/wp-content\/uploads\/2020\/02\/image-4-457x585.jpg 457w, https:\/\/artvallarta.com\/wp-content\/uploads\/2020\/02\/image-4-234x300.jpg 234w\" sizes=\"(max-width: 500px) 100vw, 500px\" \/>\t\t<\/a>\n\n\t\t\n\t\t<div class=\"wrapp-swatches\">\t\t<div class=\"wd-compare-btn product-compare-button wd-action-btn wd-style-icon wd-compare-icon\">\n\t\t\t<a href=\"https:\/\/artvallarta.com\/es\/compare\/\" data-id=\"28617\" rel=\"nofollow\" data-added-text=\"Compare products\">\n\t\t\t\t<span>Compare<\/span>\n\t\t\t<\/a>\n\t\t<\/div>\n\t\t<\/div>\n\n\t\t\t<\/div>\n\n\t<div class=\"product-element-bottom product-information\">\n\t\t<h3 class=\"wd-entities-title\"><a href=\"https:\/\/artvallarta.com\/es\/producto\/low-down\/\">Low Down by Ernesto Guerra<\/a><\/h3>\t\t\t\t<div class=\"product-rating-price\">\n\t\t\t<div class=\"wrapp-product-price\">\n\t\t\t\t\t\t\t\t\n\t<span class=\"price\"><span class=\"woocommerce-Price-amount amount\"><bdi><span class=\"woocommerce-Price-currencySymbol\">MXN<\/span>9,360.00<\/bdi><\/span><\/span>\n\t\t\t<\/div>\n\t\t<\/div>\n\t\t<div class=\"fade-in-block wd-scroll\">\n\t\t\t<div class=\"hover-content wd-more-desc\">\n\t\t\t\t<div class=\"hover-content-inner wd-more-desc-inner\">\n\t\t\t\t\tArtist: Ernesto Guerra\r\n\r\nAcrylic on Canvas\r\n\r\nOriginal\t\t\t\t<\/div>\n\t\t\t\t<a href=\"#\" rel=\"nofollow\" class=\"wd-more-desc-btn\" aria-label=\"Read more description\"><span><\/span><\/a>\n\t\t\t<\/div>\n\t\t\t<div class=\" wd-bottom-actions\">\n\t\t\t\t<div class=\"wrap-wishlist-button\">\t\t\t<div class=\"wd-wishlist-btn wd-action-btn wd-style-icon wd-wishlist-icon\">\n\t\t\t\t<a class=\"\" href=\"https:\/\/artvallarta.com\/es\/lista-de-deseos\/\" data-key=\"731a5e2d4c\" data-product-id=\"28617\" rel=\"nofollow\" data-added-text=\"Browse Wishlist\">\n\t\t\t\t\t<span>A\u00f1adir a mis favoritos<\/span>\n\t\t\t\t<\/a>\n\t\t\t<\/div>\n\t\t<\/div>\n\t\t\t\t<div class=\"wd-add-btn wd-add-btn-replace\">\n\t\t\t\t\t<a href=\"https:\/\/artvallarta.com\/es\/producto\/low-down\/\" data-quantity=\"1\" class=\"button product_type_simple add-to-cart-loop\" data-product_id=\"55792\" data-product_sku=\"\" aria-label=\"Lee m\u00e1s sobre &ldquo;Low Down by Ernesto Guerra&rdquo;\" rel=\"nofollow\" data-success_message=\"\"><span>Leer m\u00e1s<\/span><\/a>\t\t\t\t\t\t\t\t\t<\/div>\n\t\t\t\t<div class=\"wrap-quickview-button\">\t\t<div class=\"quick-view wd-action-btn wd-style-icon wd-quick-view-icon\">\n\t\t\t<a\n\t\t\t\thref=\"https:\/\/artvallarta.com\/es\/producto\/low-down\/\"\n\t\t\t\tclass=\"open-quick-view quick-view-button\"\n\t\t\t\trel=\"nofollow\"\n\t\t\t\tdata-id=\"55792\"\n\t\t\t\t>Quick view<\/a>\n\t\t<\/div>\n\t\t<\/div>\n\t\t\t<\/div>\n\n\n\t\t\t\t\t\t\n\t\t\t\t\t<\/div>\n\t<\/div>\n<\/div>\n<\/div>\n\t\t\t\t\t\t\t\t<div class=\"product-grid-item product product-no-swatches wd-hover-base wd-hover-with-fade  col-lg-4 col-md-4 col-6 last  type-product post-46763 status-publish first instock product_cat-2020-dia-de-los-muertos-es product_cat-artes-aplicadas product_cat-clases product_cat-painting-classes-es product_cat-clases-destacadas has-post-thumbnail virtual taxable purchasable product-type-simple\" data-loop=\"24\" data-id=\"46763\">\n\t\n\t\n<div class=\"product-wrapper\">\n\t<div class=\"content-product-imagin\"><\/div>\n\t<div class=\"product-element-top wd-quick-shop\">\n\t\t<a href=\"https:\/\/artvallarta.com\/es\/producto\/mexican-mondays-culture-and-art-painting-class\/\" class=\"product-image-link\">\n\t\t\t<img loading=\"lazy\" decoding=\"async\" width=\"1024\" height=\"1020\" src=\"https:\/\/artvallarta.com\/wp-content\/uploads\/2020\/01\/image2-1024x1020.jpeg\" class=\"attachment-large size-large wp-image-46809\" alt=\"\" srcset=\"https:\/\/artvallarta.com\/wp-content\/uploads\/2020\/01\/image2-1024x1020.jpeg 1024w, https:\/\/artvallarta.com\/wp-content\/uploads\/2020\/01\/image2-150x150.jpeg 150w, https:\/\/artvallarta.com\/wp-content\/uploads\/2020\/01\/image2-1000x996.jpeg 1000w, https:\/\/artvallarta.com\/wp-content\/uploads\/2020\/01\/image2-500x498.jpeg 500w, https:\/\/artvallarta.com\/wp-content\/uploads\/2020\/01\/image2-300x300.jpeg 300w, https:\/\/artvallarta.com\/wp-content\/uploads\/2020\/01\/image2-768x765.jpeg 768w, https:\/\/artvallarta.com\/wp-content\/uploads\/2020\/01\/image2-42x42.jpeg 42w, https:\/\/artvallarta.com\/wp-content\/uploads\/2020\/01\/image2-32x32.jpeg 32w, https:\/\/artvallarta.com\/wp-content\/uploads\/2020\/01\/image2.jpeg 1125w\" sizes=\"(max-width: 1024px) 100vw, 1024px\" \/>\t\t<\/a>\n\n\t\t\n\t\t<div class=\"wrapp-swatches\">\t\t<div class=\"wd-compare-btn product-compare-button wd-action-btn wd-style-icon wd-compare-icon\">\n\t\t\t<a href=\"https:\/\/artvallarta.com\/es\/compare\/\" data-id=\"28312\" rel=\"nofollow\" data-added-text=\"Compare products\">\n\t\t\t\t<span>Compare<\/span>\n\t\t\t<\/a>\n\t\t<\/div>\n\t\t<\/div>\n\n\t\t\t<\/div>\n\n\t<div class=\"product-element-bottom product-information\">\n\t\t<h3 class=\"wd-entities-title\"><a href=\"https:\/\/artvallarta.com\/es\/producto\/mexican-mondays-culture-and-art-painting-class\/\">Mexican Mondays, Culture and Art Painting Class<\/a><\/h3>\t\t\t\t<div class=\"product-rating-price\">\n\t\t\t<div class=\"wrapp-product-price\">\n\t\t\t\t\t\t\t\t\n\t<span class=\"price\"><span class=\"woocommerce-Price-amount amount\"><bdi><span class=\"woocommerce-Price-currencySymbol\">MXN<\/span>675.00<\/bdi><\/span><\/span>\n\t\t\t<\/div>\n\t\t<\/div>\n\t\t<div class=\"fade-in-block wd-scroll\">\n\t\t\t<div class=\"hover-content wd-more-desc\">\n\t\t\t\t<div class=\"hover-content-inner wd-more-desc-inner\">\n\t\t\t\t\tCada lunes por la ma\u00f1ana exploraremos una tradici\u00f3n, \u00edcono, arte popular o dise\u00f1o mexicano.\r\n\r\nHaremos obras de arte basadas en el tema del lunes. La clase comenzar\u00e1 con un poco de historia del tema y discutir\u00e1 c\u00f3mo el tema te inspira y el arte que te gustar\u00eda crear.\r\n\r\nJuntos, cada estudiante har\u00e1 una obra de arte.\r\n\r\nPor lo general, un lienzo peque\u00f1o o, a veces, puede ser un medio diferente.\r\n\r\nLos suministros estar\u00e1n disponibles y si desea llevar su trabajo a casa, los lienzos est\u00e1n disponibles en la tienda Art Vallarta por un costo nominal.\r\n\r\nSi tiene una idea divertida, env\u00ede una inspiraci\u00f3n de \u00edcono cultural mexicano favorito que le gustar\u00eda hacer.\r\n\r\nLunes de 10:00 a.m. a 12:00 p.m. Los temas variar\u00e1n de una semana a otra.\r\n\r\nA continuaci\u00f3n, se muestra una muestra de los temas de la clase:\r\n\r\nLa catrina\r\n\r\nPuertas Mexicanas\r\n\r\nLa paloma de la carta de amor\r\n\r\nTarjetas de Loter\u00eda\r\n\r\nLas mascotas de Frida Kahlo\r\n\r\nPintura Ex Voto\r\n\r\nArte Del Calendario azteca\r\n\r\nArte de sellos precolombinos\t\t\t\t<\/div>\n\t\t\t\t<a href=\"#\" rel=\"nofollow\" class=\"wd-more-desc-btn\" aria-label=\"Read more description\"><span><\/span><\/a>\n\t\t\t<\/div>\n\t\t\t<div class=\" wd-bottom-actions\">\n\t\t\t\t<div class=\"wrap-wishlist-button\">\t\t\t<div class=\"wd-wishlist-btn wd-action-btn wd-style-icon wd-wishlist-icon\">\n\t\t\t\t<a class=\"\" href=\"https:\/\/artvallarta.com\/es\/lista-de-deseos\/\" data-key=\"731a5e2d4c\" data-product-id=\"28312\" rel=\"nofollow\" data-added-text=\"Browse Wishlist\">\n\t\t\t\t\t<span>A\u00f1adir a mis favoritos<\/span>\n\t\t\t\t<\/a>\n\t\t\t<\/div>\n\t\t<\/div>\n\t\t\t\t<div class=\"wd-add-btn wd-add-btn-replace\">\n\t\t\t\t\t<a href=\"https:\/\/artvallarta.com\/es\/producto\/mexican-mondays-culture-and-art-painting-class\/\" data-quantity=\"1\" class=\"button product_type_simple add_to_cart_button add-to-cart-loop\" data-product_id=\"46763\" data-product_sku=\"\" aria-label=\"A\u00f1adir al carrito: &ldquo;Mexican Mondays, Culture and Art Painting Class&rdquo;\" rel=\"nofollow\" data-success_message=\"\u00abMexican Mondays, Culture and Art Painting Class\u00bb se ha a\u00f1adido a tu carrito\"><span>Seleccionar opciones<\/span><\/a>\t\t\t\t\t\t\t\t\t<\/div>\n\t\t\t\t<div class=\"wrap-quickview-button\">\t\t<div class=\"quick-view wd-action-btn wd-style-icon wd-quick-view-icon\">\n\t\t\t<a\n\t\t\t\thref=\"https:\/\/artvallarta.com\/es\/producto\/mexican-mondays-culture-and-art-painting-class\/\"\n\t\t\t\tclass=\"open-quick-view quick-view-button\"\n\t\t\t\trel=\"nofollow\"\n\t\t\t\tdata-id=\"46763\"\n\t\t\t\t>Quick view<\/a>\n\t\t<\/div>\n\t\t<\/div>\n\t\t\t<\/div>\n\n\n\t\t\t\t\t\t\n\t\t\t\t\t<\/div>\n\t<\/div>\n<\/div>\n<\/div>\n\t\t\t\t\t\t\t\t<div class=\"product-grid-item product product-no-swatches wd-hover-base wd-hover-with-fade  col-lg-4 col-md-4 col-6 first  type-product post-51907 status-publish instock product_cat-exhibition-2018-dia-de-los-muertos-es-2 product_cat-exhibition-2019-dia-de-los-muertos-es-2 product_cat-exhibition-2020-dia-de-los-muertos-es product_cat-gallery-art product_cat-rob-marsh-es has-post-thumbnail taxable shipping-taxable purchasable product-type-simple\" data-loop=\"25\" data-id=\"51907\">\n\t\n\t\n<div class=\"product-wrapper\">\n\t<div class=\"content-product-imagin\"><\/div>\n\t<div class=\"product-element-top wd-quick-shop\">\n\t\t<a href=\"https:\/\/artvallarta.com\/es\/producto\/skull-large-hanging\/\" class=\"product-image-link\">\n\t\t\t<img loading=\"lazy\" decoding=\"async\" width=\"418\" height=\"412\" src=\"https:\/\/artvallarta.com\/wp-content\/uploads\/2019\/08\/IMG_20181016_132625_edited-2.jpg\" class=\"attachment-large size-large wp-image-51908\" alt=\"\" srcset=\"https:\/\/artvallarta.com\/wp-content\/uploads\/2019\/08\/IMG_20181016_132625_edited-2.jpg 418w, https:\/\/artvallarta.com\/wp-content\/uploads\/2019\/08\/IMG_20181016_132625_edited-2-150x148.jpg 150w, https:\/\/artvallarta.com\/wp-content\/uploads\/2019\/08\/IMG_20181016_132625_edited-2-300x296.jpg 300w, https:\/\/artvallarta.com\/wp-content\/uploads\/2019\/08\/IMG_20181016_132625_edited-2-42x42.jpg 42w, https:\/\/artvallarta.com\/wp-content\/uploads\/2019\/08\/IMG_20181016_132625_edited-2-32x32.jpg 32w\" sizes=\"(max-width: 418px) 100vw, 418px\" \/>\t\t<\/a>\n\n\t\t\n\t\t<div class=\"wrapp-swatches\">\t\t<div class=\"wd-compare-btn product-compare-button wd-action-btn wd-style-icon wd-compare-icon\">\n\t\t\t<a href=\"https:\/\/artvallarta.com\/es\/compare\/\" data-id=\"21876\" rel=\"nofollow\" data-added-text=\"Compare products\">\n\t\t\t\t<span>Compare<\/span>\n\t\t\t<\/a>\n\t\t<\/div>\n\t\t<\/div>\n\n\t\t\t<\/div>\n\n\t<div class=\"product-element-bottom product-information\">\n\t\t<h3 class=\"wd-entities-title\"><a href=\"https:\/\/artvallarta.com\/es\/producto\/skull-large-hanging\/\">Skull &#8211; Large hanging by Rob Marsh<\/a><\/h3>\t\t\t\t<div class=\"product-rating-price\">\n\t\t\t<div class=\"wrapp-product-price\">\n\t\t\t\t\t\t\t\t\n\t<span class=\"price\"><span class=\"woocommerce-Price-amount amount\"><bdi><span class=\"woocommerce-Price-currencySymbol\">MXN<\/span>2,500.00<\/bdi><\/span><\/span>\n\t\t\t<\/div>\n\t\t<\/div>\n\t\t<div class=\"fade-in-block wd-scroll\">\n\t\t\t<div class=\"hover-content wd-more-desc\">\n\t\t\t\t<div class=\"hover-content-inner wd-more-desc-inner\">\n\t\t\t\t\tArtist Rob Marsh &nbsp; Ceramic &nbsp; Original\t\t\t\t<\/div>\n\t\t\t\t<a href=\"#\" rel=\"nofollow\" class=\"wd-more-desc-btn\" aria-label=\"Read more description\"><span><\/span><\/a>\n\t\t\t<\/div>\n\t\t\t<div class=\" wd-bottom-actions\">\n\t\t\t\t<div class=\"wrap-wishlist-button\">\t\t\t<div class=\"wd-wishlist-btn wd-action-btn wd-style-icon wd-wishlist-icon\">\n\t\t\t\t<a class=\"\" href=\"https:\/\/artvallarta.com\/es\/lista-de-deseos\/\" data-key=\"731a5e2d4c\" data-product-id=\"21876\" rel=\"nofollow\" data-added-text=\"Browse Wishlist\">\n\t\t\t\t\t<span>A\u00f1adir a mis favoritos<\/span>\n\t\t\t\t<\/a>\n\t\t\t<\/div>\n\t\t<\/div>\n\t\t\t\t<div class=\"wd-add-btn wd-add-btn-replace\">\n\t\t\t\t\t<a href=\"\/es\/wp-json\/wp\/v2\/posts\/49937?add-to-cart=51907\" data-quantity=\"1\" class=\"button product_type_simple add_to_cart_button ajax_add_to_cart add-to-cart-loop\" data-product_id=\"51907\" data-product_sku=\"\" aria-label=\"A\u00f1adir al carrito: &ldquo;Skull - Large hanging by Rob Marsh&rdquo;\" rel=\"nofollow\" data-success_message=\"\u00abSkull - Large hanging by Rob Marsh\u00bb se ha a\u00f1adido a tu carrito\" role=\"button\"><span>A\u00f1adir al carrito<\/span><\/a>\t\t\t\t\t\t\t\t\t<\/div>\n\t\t\t\t<div class=\"wrap-quickview-button\">\t\t<div class=\"quick-view wd-action-btn wd-style-icon wd-quick-view-icon\">\n\t\t\t<a\n\t\t\t\thref=\"https:\/\/artvallarta.com\/es\/producto\/skull-large-hanging\/\"\n\t\t\t\tclass=\"open-quick-view quick-view-button\"\n\t\t\t\trel=\"nofollow\"\n\t\t\t\tdata-id=\"51907\"\n\t\t\t\t>Quick view<\/a>\n\t\t<\/div>\n\t\t<\/div>\n\t\t\t<\/div>\n\n\n\t\t\t\t\t\t\n\t\t\t\t\t<\/div>\n\t<\/div>\n<\/div>\n<\/div>\n\t\t\t\t\t\t\t\t<div class=\"product-grid-item product product-no-swatches wd-hover-base wd-hover-with-fade  col-lg-4 col-md-4 col-6 type-product post-52215 status-publish last instock product_cat-exhibition-2018-dia-de-los-muertos-es-2 product_cat-exhibition-2019-dia-de-los-muertos-es-2 product_cat-exhibition-2020-dia-de-los-muertos-es product_cat-gallery-art product_cat-rob-marsh-es has-post-thumbnail taxable shipping-taxable purchasable product-type-simple\" data-loop=\"26\" data-id=\"52215\">\n\t\n\t\n<div class=\"product-wrapper\">\n\t<div class=\"content-product-imagin\"><\/div>\n\t<div class=\"product-element-top wd-quick-shop\">\n\t\t<a href=\"https:\/\/artvallarta.com\/es\/producto\/skulls-black-and-white\/\" class=\"product-image-link\">\n\t\t\t<img loading=\"lazy\" decoding=\"async\" width=\"361\" height=\"431\" src=\"https:\/\/artvallarta.com\/wp-content\/uploads\/2019\/08\/IMG_20181031_165034_edited.jpg\" class=\"attachment-large size-large wp-image-52216\" alt=\"\" srcset=\"https:\/\/artvallarta.com\/wp-content\/uploads\/2019\/08\/IMG_20181031_165034_edited.jpg 361w, https:\/\/artvallarta.com\/wp-content\/uploads\/2019\/08\/IMG_20181031_165034_edited-150x179.jpg 150w, https:\/\/artvallarta.com\/wp-content\/uploads\/2019\/08\/IMG_20181031_165034_edited-251x300.jpg 251w\" sizes=\"(max-width: 361px) 100vw, 361px\" \/>\t\t<\/a>\n\n\t\t\n\t\t<div class=\"wrapp-swatches\">\t\t<div class=\"wd-compare-btn product-compare-button wd-action-btn wd-style-icon wd-compare-icon\">\n\t\t\t<a href=\"https:\/\/artvallarta.com\/es\/compare\/\" data-id=\"21872\" rel=\"nofollow\" data-added-text=\"Compare products\">\n\t\t\t\t<span>Compare<\/span>\n\t\t\t<\/a>\n\t\t<\/div>\n\t\t<\/div>\n\n\t\t\t<\/div>\n\n\t<div class=\"product-element-bottom product-information\">\n\t\t<h3 class=\"wd-entities-title\"><a href=\"https:\/\/artvallarta.com\/es\/producto\/skulls-black-and-white\/\">Skulls black and white by Rob Marsh<\/a><\/h3>\t\t\t\t<div class=\"product-rating-price\">\n\t\t\t<div class=\"wrapp-product-price\">\n\t\t\t\t\t\t\t\t\n\t<span class=\"price\"><span class=\"woocommerce-Price-amount amount\"><bdi><span class=\"woocommerce-Price-currencySymbol\">MXN<\/span>500.00<\/bdi><\/span><\/span>\n\t\t\t<\/div>\n\t\t<\/div>\n\t\t<div class=\"fade-in-block wd-scroll\">\n\t\t\t<div class=\"hover-content wd-more-desc\">\n\t\t\t\t<div class=\"hover-content-inner wd-more-desc-inner\">\n\t\t\t\t\tArtist: Rob Marsh &nbsp; Ceramics &nbsp; Original\t\t\t\t<\/div>\n\t\t\t\t<a href=\"#\" rel=\"nofollow\" class=\"wd-more-desc-btn\" aria-label=\"Read more description\"><span><\/span><\/a>\n\t\t\t<\/div>\n\t\t\t<div class=\" wd-bottom-actions\">\n\t\t\t\t<div class=\"wrap-wishlist-button\">\t\t\t<div class=\"wd-wishlist-btn wd-action-btn wd-style-icon wd-wishlist-icon\">\n\t\t\t\t<a class=\"\" href=\"https:\/\/artvallarta.com\/es\/lista-de-deseos\/\" data-key=\"731a5e2d4c\" data-product-id=\"21872\" rel=\"nofollow\" data-added-text=\"Browse Wishlist\">\n\t\t\t\t\t<span>A\u00f1adir a mis favoritos<\/span>\n\t\t\t\t<\/a>\n\t\t\t<\/div>\n\t\t<\/div>\n\t\t\t\t<div class=\"wd-add-btn wd-add-btn-replace\">\n\t\t\t\t\t<a href=\"\/es\/wp-json\/wp\/v2\/posts\/49937?add-to-cart=52215\" data-quantity=\"1\" class=\"button product_type_simple add_to_cart_button ajax_add_to_cart add-to-cart-loop\" data-product_id=\"52215\" data-product_sku=\"\" aria-label=\"A\u00f1adir al carrito: &ldquo;Skulls black and white by Rob Marsh&rdquo;\" rel=\"nofollow\" data-success_message=\"\u00abSkulls black and white by Rob Marsh\u00bb se ha a\u00f1adido a tu carrito\" role=\"button\"><span>A\u00f1adir al carrito<\/span><\/a>\t\t\t\t\t\t\t\t\t<\/div>\n\t\t\t\t<div class=\"wrap-quickview-button\">\t\t<div class=\"quick-view wd-action-btn wd-style-icon wd-quick-view-icon\">\n\t\t\t<a\n\t\t\t\thref=\"https:\/\/artvallarta.com\/es\/producto\/skulls-black-and-white\/\"\n\t\t\t\tclass=\"open-quick-view quick-view-button\"\n\t\t\t\trel=\"nofollow\"\n\t\t\t\tdata-id=\"52215\"\n\t\t\t\t>Quick view<\/a>\n\t\t<\/div>\n\t\t<\/div>\n\t\t\t<\/div>\n\n\n\t\t\t\t\t\t\n\t\t\t\t\t<\/div>\n\t<\/div>\n<\/div>\n<\/div>\n\t\t\t\t\t\t\t\t<div class=\"product-grid-item product product-no-swatches wd-hover-base wd-hover-with-fade  col-lg-4 col-md-4 col-6 last  type-product post-52877 status-publish first instock product_cat-2020-dia-de-los-muertos-es product_cat-2021-dia-de-los-muertos-es product_cat-clases product_cat-cooking-classes-es has-post-thumbnail virtual taxable purchasable product-type-simple\" data-loop=\"27\" data-id=\"52877\">\n\t\n\t\n<div class=\"product-wrapper\">\n\t<div class=\"content-product-imagin\"><\/div>\n\t<div class=\"product-element-top wd-quick-shop\">\n\t\t<a href=\"https:\/\/artvallarta.com\/es\/producto\/sugar-skull-class-with-nathalie-herling\/\" class=\"product-image-link\">\n\t\t\t<img loading=\"lazy\" decoding=\"async\" width=\"150\" height=\"150\" src=\"https:\/\/artvallarta.com\/wp-content\/uploads\/2019\/03\/sugarskulls-150x150.jpg\" class=\"attachment-large size-large wp-image-52878\" alt=\"\" srcset=\"https:\/\/artvallarta.com\/wp-content\/uploads\/2019\/03\/sugarskulls-150x150.jpg 150w, https:\/\/artvallarta.com\/wp-content\/uploads\/2019\/03\/sugarskulls-150x150-100x100.jpg 100w, https:\/\/artvallarta.com\/wp-content\/uploads\/2019\/03\/sugarskulls-150x150-42x42.jpg 42w, https:\/\/artvallarta.com\/wp-content\/uploads\/2019\/03\/sugarskulls-150x150-32x32.jpg 32w\" sizes=\"(max-width: 150px) 100vw, 150px\" \/>\t\t<\/a>\n\n\t\t\n\t\t<div class=\"wrapp-swatches\">\t\t<div class=\"wd-compare-btn product-compare-button wd-action-btn wd-style-icon wd-compare-icon\">\n\t\t\t<a href=\"https:\/\/artvallarta.com\/es\/compare\/\" data-id=\"15567\" rel=\"nofollow\" data-added-text=\"Compare products\">\n\t\t\t\t<span>Compare<\/span>\n\t\t\t<\/a>\n\t\t<\/div>\n\t\t<\/div>\n\n\t\t\t<\/div>\n\n\t<div class=\"product-element-bottom product-information\">\n\t\t<h3 class=\"wd-entities-title\"><a href=\"https:\/\/artvallarta.com\/es\/producto\/sugar-skull-class-with-nathalie-herling\/\">Sugar Skull Class with Nathalie Herling<\/a><\/h3>\t\t\t\t<div class=\"product-rating-price\">\n\t\t\t<div class=\"wrapp-product-price\">\n\t\t\t\t\t\t\t\t\n\t<span class=\"price\"><span class=\"woocommerce-Price-amount amount\"><bdi><span class=\"woocommerce-Price-currencySymbol\">MXN<\/span>675.00<\/bdi><\/span><\/span>\n\t\t\t<\/div>\n\t\t<\/div>\n\t\t<div class=\"fade-in-block wd-scroll\">\n\t\t\t<div class=\"hover-content wd-more-desc\">\n\t\t\t\t<div class=\"hover-content-inner wd-more-desc-inner\">\n\t\t\t\t\tCome make edible Sugar Skulls for your El Dia de los Muertos Altar in Puerto Vallarta, Mexico.\r\n\r\nNathalie Herling will teach a class and offer you hands on instructions so you can make Mexican Sugar Skulls. This workshop will be for adults. Make Sugar skulls for all your future Day of the Dead celebrations.\r\n\r\nOver the course of the morning will make different size sugar skulls using molds. After the skulls dry we will decorate. All participants will be taking home a good amount of skulls to decorate their own home altars.\r\n\r\nWe will start at 11:00 am at the ART VallARTa Studio on Calle Pilitas 213 where we will make the special sugar mixture to mold the skulls and set them up for drying. Approx 2 hours.\r\n\r\nWhile we decorate the skull with bright color sugar frosting, sequins and various craft supplies. Bring names of novios and friends you would like to dedicate your skulls too and a small box to transport your new skulls. In the background we will have playing the Day of the Dead \u201cFood for our Ancestors\u201d video.\t\t\t\t<\/div>\n\t\t\t\t<a href=\"#\" rel=\"nofollow\" class=\"wd-more-desc-btn\" aria-label=\"Read more description\"><span><\/span><\/a>\n\t\t\t<\/div>\n\t\t\t<div class=\" wd-bottom-actions\">\n\t\t\t\t<div class=\"wrap-wishlist-button\">\t\t\t<div class=\"wd-wishlist-btn wd-action-btn wd-style-icon wd-wishlist-icon\">\n\t\t\t\t<a class=\"\" href=\"https:\/\/artvallarta.com\/es\/lista-de-deseos\/\" data-key=\"731a5e2d4c\" data-product-id=\"15567\" rel=\"nofollow\" data-added-text=\"Browse Wishlist\">\n\t\t\t\t\t<span>A\u00f1adir a mis favoritos<\/span>\n\t\t\t\t<\/a>\n\t\t\t<\/div>\n\t\t<\/div>\n\t\t\t\t<div class=\"wd-add-btn wd-add-btn-replace\">\n\t\t\t\t\t<a href=\"https:\/\/artvallarta.com\/es\/producto\/sugar-skull-class-with-nathalie-herling\/\" data-quantity=\"1\" class=\"button product_type_simple add_to_cart_button add-to-cart-loop\" data-product_id=\"52877\" data-product_sku=\"\" aria-label=\"A\u00f1adir al carrito: &ldquo;Sugar Skull Class with Nathalie Herling&rdquo;\" rel=\"nofollow\" data-success_message=\"\u00abSugar Skull Class with Nathalie Herling\u00bb se ha a\u00f1adido a tu carrito\"><span>Seleccionar opciones<\/span><\/a>\t\t\t\t\t\t\t\t\t<\/div>\n\t\t\t\t<div class=\"wrap-quickview-button\">\t\t<div class=\"quick-view wd-action-btn wd-style-icon wd-quick-view-icon\">\n\t\t\t<a\n\t\t\t\thref=\"https:\/\/artvallarta.com\/es\/producto\/sugar-skull-class-with-nathalie-herling\/\"\n\t\t\t\tclass=\"open-quick-view quick-view-button\"\n\t\t\t\trel=\"nofollow\"\n\t\t\t\tdata-id=\"52877\"\n\t\t\t\t>Quick view<\/a>\n\t\t<\/div>\n\t\t<\/div>\n\t\t\t<\/div>\n\n\n\t\t\t\t\t\t\n\t\t\t\t\t<\/div>\n\t<\/div>\n<\/div>\n<\/div>\n\t\t\t\t\t\t\t\t<div class=\"product-grid-item wd-with-labels product product-no-swatches wd-hover-base wd-hover-with-fade  col-lg-4 col-md-4 col-6 first  type-product post-56779 status-publish outofstock product_cat-exhibition-2019-dia-de-los-muertos-es-2 product_cat-exhibition-2020-dia-de-los-muertos-es product_cat-gallery-art product_cat-lalo-cobar-es has-post-thumbnail taxable shipping-taxable purchasable product-type-simple\" data-loop=\"28\" data-id=\"56779\">\n\t\n\t\n<div class=\"product-wrapper\">\n\t<div class=\"content-product-imagin\"><\/div>\n\t<div class=\"product-element-top wd-quick-shop\">\n\t\t<a href=\"https:\/\/artvallarta.com\/es\/producto\/xolo\/\" class=\"product-image-link\">\n\t\t\t<div class=\"product-labels labels-rectangular\"><span class=\"out-of-stock product-label\">Sold out<\/span><\/div><img loading=\"lazy\" decoding=\"async\" width=\"1024\" height=\"710\" src=\"https:\/\/artvallarta.com\/wp-content\/uploads\/2019\/10\/72581639_824726094612823_1676015458601402368_n-1024x710.jpg\" class=\"attachment-large size-large wp-image-56780\" alt=\"\" srcset=\"https:\/\/artvallarta.com\/wp-content\/uploads\/2019\/10\/72581639_824726094612823_1676015458601402368_n-1024x710.jpg 1024w, https:\/\/artvallarta.com\/wp-content\/uploads\/2019\/10\/72581639_824726094612823_1676015458601402368_n-150x104.jpg 150w, https:\/\/artvallarta.com\/wp-content\/uploads\/2019\/10\/72581639_824726094612823_1676015458601402368_n-1000x694.jpg 1000w, https:\/\/artvallarta.com\/wp-content\/uploads\/2019\/10\/72581639_824726094612823_1676015458601402368_n-500x347.jpg 500w, https:\/\/artvallarta.com\/wp-content\/uploads\/2019\/10\/72581639_824726094612823_1676015458601402368_n-300x208.jpg 300w, https:\/\/artvallarta.com\/wp-content\/uploads\/2019\/10\/72581639_824726094612823_1676015458601402368_n-768x533.jpg 768w, https:\/\/artvallarta.com\/wp-content\/uploads\/2019\/10\/72581639_824726094612823_1676015458601402368_n.jpg 1130w\" sizes=\"(max-width: 1024px) 100vw, 1024px\" \/>\t\t<\/a>\n\n\t\t\n\t\t<div class=\"wrapp-swatches\">\t\t<div class=\"wd-compare-btn product-compare-button wd-action-btn wd-style-icon wd-compare-icon\">\n\t\t\t<a href=\"https:\/\/artvallarta.com\/es\/compare\/\" data-id=\"24100\" rel=\"nofollow\" data-added-text=\"Compare products\">\n\t\t\t\t<span>Compare<\/span>\n\t\t\t<\/a>\n\t\t<\/div>\n\t\t<\/div>\n\n\t\t\t<\/div>\n\n\t<div class=\"product-element-bottom product-information\">\n\t\t<h3 class=\"wd-entities-title\"><a href=\"https:\/\/artvallarta.com\/es\/producto\/xolo\/\">Xolo by Lalo Corbar<\/a><\/h3>\t\t\t\t<div class=\"product-rating-price\">\n\t\t\t<div class=\"wrapp-product-price\">\n\t\t\t\t\t\t\t\t\n\t<span class=\"price\"><span class=\"woocommerce-Price-amount amount\"><bdi><span class=\"woocommerce-Price-currencySymbol\">MXN<\/span>4,625.00<\/bdi><\/span><\/span>\n\t\t\t<\/div>\n\t\t<\/div>\n\t\t<div class=\"fade-in-block wd-scroll\">\n\t\t\t<div class=\"hover-content wd-more-desc\">\n\t\t\t\t<div class=\"hover-content-inner wd-more-desc-inner\">\n\t\t\t\t\tAcrylic on Canvas Original &nbsp; &nbsp;\t\t\t\t<\/div>\n\t\t\t\t<a href=\"#\" rel=\"nofollow\" class=\"wd-more-desc-btn\" aria-label=\"Read more description\"><span><\/span><\/a>\n\t\t\t<\/div>\n\t\t\t<div class=\" wd-bottom-actions\">\n\t\t\t\t<div class=\"wrap-wishlist-button\">\t\t\t<div class=\"wd-wishlist-btn wd-action-btn wd-style-icon wd-wishlist-icon\">\n\t\t\t\t<a class=\"\" href=\"https:\/\/artvallarta.com\/es\/lista-de-deseos\/\" data-key=\"731a5e2d4c\" data-product-id=\"24100\" rel=\"nofollow\" data-added-text=\"Browse Wishlist\">\n\t\t\t\t\t<span>A\u00f1adir a mis favoritos<\/span>\n\t\t\t\t<\/a>\n\t\t\t<\/div>\n\t\t<\/div>\n\t\t\t\t<div class=\"wd-add-btn wd-add-btn-replace\">\n\t\t\t\t\t<a href=\"https:\/\/artvallarta.com\/es\/producto\/xolo\/\" data-quantity=\"1\" class=\"button product_type_simple add-to-cart-loop\" data-product_id=\"56779\" data-product_sku=\"\" aria-label=\"Lee m\u00e1s sobre &ldquo;Xolo by Lalo Corbar&rdquo;\" rel=\"nofollow\" data-success_message=\"\"><span>Leer m\u00e1s<\/span><\/a>\t\t\t\t\t\t\t\t\t<\/div>\n\t\t\t\t<div class=\"wrap-quickview-button\">\t\t<div class=\"quick-view wd-action-btn wd-style-icon wd-quick-view-icon\">\n\t\t\t<a\n\t\t\t\thref=\"https:\/\/artvallarta.com\/es\/producto\/xolo\/\"\n\t\t\t\tclass=\"open-quick-view quick-view-button\"\n\t\t\t\trel=\"nofollow\"\n\t\t\t\tdata-id=\"56779\"\n\t\t\t\t>Quick view<\/a>\n\t\t<\/div>\n\t\t<\/div>\n\t\t\t<\/div>\n\n\n\t\t\t\t\t\t\n\t\t\t\t\t<\/div>\n\t<\/div>\n<\/div>\n<\/div>\n\t\t\t\t\t\t\t\t<div class=\"product-grid-item wd-with-labels product product-no-swatches wd-hover-base wd-hover-with-fade  col-lg-4 col-md-4 col-6 type-product post-50602 status-publish last outofstock product_cat-decorative-es product_cat-boutique-es product_cat-exhibition-2020-dia-de-los-muertos-es product_cat-gallery-art product_cat-viviana-nolberque-es taxable shipping-taxable purchasable product-type-simple\" data-loop=\"29\" data-id=\"50602\">\n\t\n\t\n<div class=\"product-wrapper\">\n\t<div class=\"content-product-imagin\"><\/div>\n\t<div class=\"product-element-top wd-quick-shop\">\n\t\t<a href=\"https:\/\/artvallarta.com\/es\/producto\/otra-pieza-mismo-tomano-catrina-by-viviana-nolberque\/\" class=\"product-image-link\">\n\t\t\t<div class=\"product-labels labels-rectangular\"><span class=\"out-of-stock product-label\">Sold out<\/span><\/div><img loading=\"lazy\" decoding=\"async\" width=\"1000\" height=\"1000\" src=\"https:\/\/artvallarta.com\/wp-content\/uploads\/woocommerce-placeholder-1000x1000.png\" class=\"woocommerce-placeholder wp-post-image\" alt=\"Marcador\" srcset=\"https:\/\/artvallarta.com\/wp-content\/uploads\/woocommerce-placeholder-1000x1000.png 1000w, https:\/\/artvallarta.com\/wp-content\/uploads\/woocommerce-placeholder-150x150.png 150w, https:\/\/artvallarta.com\/wp-content\/uploads\/woocommerce-placeholder-500x500.png 500w, https:\/\/artvallarta.com\/wp-content\/uploads\/woocommerce-placeholder-300x300.png 300w, https:\/\/artvallarta.com\/wp-content\/uploads\/woocommerce-placeholder-768x768.png 768w, https:\/\/artvallarta.com\/wp-content\/uploads\/woocommerce-placeholder-1024x1024.png 1024w, https:\/\/artvallarta.com\/wp-content\/uploads\/woocommerce-placeholder-160x160.png 160w, https:\/\/artvallarta.com\/wp-content\/uploads\/woocommerce-placeholder-283x283.png 283w, https:\/\/artvallarta.com\/wp-content\/uploads\/woocommerce-placeholder-49x49.png 49w, https:\/\/artvallarta.com\/wp-content\/uploads\/woocommerce-placeholder-268x268.png 268w, https:\/\/artvallarta.com\/wp-content\/uploads\/woocommerce-placeholder-63x63.png 63w, https:\/\/artvallarta.com\/wp-content\/uploads\/woocommerce-placeholder-368x368.png 368w, https:\/\/artvallarta.com\/wp-content\/uploads\/woocommerce-placeholder-40x40.png 40w, https:\/\/artvallarta.com\/wp-content\/uploads\/woocommerce-placeholder-27x27.png 27w, https:\/\/artvallarta.com\/wp-content\/uploads\/woocommerce-placeholder.png 1200w\" sizes=\"(max-width: 1000px) 100vw, 1000px\" \/>\t\t<\/a>\n\n\t\t\n\t\t<div class=\"wrapp-swatches\">\t\t<div class=\"wd-compare-btn product-compare-button wd-action-btn wd-style-icon wd-compare-icon\">\n\t\t\t<a href=\"https:\/\/artvallarta.com\/es\/compare\/\" data-id=\"36672\" rel=\"nofollow\" data-added-text=\"Compare products\">\n\t\t\t\t<span>Compare<\/span>\n\t\t\t<\/a>\n\t\t<\/div>\n\t\t<\/div>\n\n\t\t\t<\/div>\n\n\t<div class=\"product-element-bottom product-information\">\n\t\t<h3 class=\"wd-entities-title\"><a href=\"https:\/\/artvallarta.com\/es\/producto\/otra-pieza-mismo-tomano-catrina-by-viviana-nolberque\/\">Otra Pieza Mismo Tomano (Catrina) by Viviana Nolberque<\/a><\/h3>\t\t\t\t<div class=\"product-rating-price\">\n\t\t\t<div class=\"wrapp-product-price\">\n\t\t\t\t\t\t\t\t\n\t<span class=\"price\"><span class=\"woocommerce-Price-amount amount\"><bdi><span class=\"woocommerce-Price-currencySymbol\">MXN<\/span>2,500.00<\/bdi><\/span><\/span>\n\t\t\t<\/div>\n\t\t<\/div>\n\t\t<div class=\"fade-in-block wd-scroll\">\n\t\t\t<div class=\"hover-content wd-more-desc\">\n\t\t\t\t<div class=\"hover-content-inner wd-more-desc-inner\">\n\t\t\t\t\tAcrilco en ceramica Original &nbsp; &nbsp;\t\t\t\t<\/div>\n\t\t\t\t<a href=\"#\" rel=\"nofollow\" class=\"wd-more-desc-btn\" aria-label=\"Read more description\"><span><\/span><\/a>\n\t\t\t<\/div>\n\t\t\t<div class=\" wd-bottom-actions\">\n\t\t\t\t<div class=\"wrap-wishlist-button\">\t\t\t<div class=\"wd-wishlist-btn wd-action-btn wd-style-icon wd-wishlist-icon\">\n\t\t\t\t<a class=\"\" href=\"https:\/\/artvallarta.com\/es\/lista-de-deseos\/\" data-key=\"731a5e2d4c\" data-product-id=\"36672\" rel=\"nofollow\" data-added-text=\"Browse Wishlist\">\n\t\t\t\t\t<span>A\u00f1adir a mis favoritos<\/span>\n\t\t\t\t<\/a>\n\t\t\t<\/div>\n\t\t<\/div>\n\t\t\t\t<div class=\"wd-add-btn wd-add-btn-replace\">\n\t\t\t\t\t<a href=\"https:\/\/artvallarta.com\/es\/producto\/otra-pieza-mismo-tomano-catrina-by-viviana-nolberque\/\" data-quantity=\"1\" class=\"button product_type_simple add-to-cart-loop\" data-product_id=\"50602\" data-product_sku=\"\" aria-label=\"Lee m\u00e1s sobre &ldquo;Otra Pieza Mismo Tomano (Catrina) by Viviana Nolberque&rdquo;\" rel=\"nofollow\" data-success_message=\"\"><span>Leer m\u00e1s<\/span><\/a>\t\t\t\t\t\t\t\t\t<\/div>\n\t\t\t\t<div class=\"wrap-quickview-button\">\t\t<div class=\"quick-view wd-action-btn wd-style-icon wd-quick-view-icon\">\n\t\t\t<a\n\t\t\t\thref=\"https:\/\/artvallarta.com\/es\/producto\/otra-pieza-mismo-tomano-catrina-by-viviana-nolberque\/\"\n\t\t\t\tclass=\"open-quick-view quick-view-button\"\n\t\t\t\trel=\"nofollow\"\n\t\t\t\tdata-id=\"50602\"\n\t\t\t\t>Quick view<\/a>\n\t\t<\/div>\n\t\t<\/div>\n\t\t\t<\/div>\n\n\n\t\t\t\t\t\t\n\t\t\t\t\t<\/div>\n\t<\/div>\n<\/div>\n<\/div>\n\t\t\t\t\t\t\t\t<div class=\"product-grid-item wd-with-labels product product-no-swatches wd-hover-base wd-hover-with-fade  col-lg-4 col-md-4 col-6 last  type-product post-50601 status-publish first outofstock product_cat-decorative-es product_cat-boutique-es product_cat-exhibition-2020-dia-de-los-muertos-es product_cat-gallery-art product_cat-viviana-nolberque-es taxable shipping-taxable purchasable product-type-simple\" data-loop=\"30\" data-id=\"50601\">\n\t\n\t\n<div class=\"product-wrapper\">\n\t<div class=\"content-product-imagin\"><\/div>\n\t<div class=\"product-element-top wd-quick-shop\">\n\t\t<a href=\"https:\/\/artvallarta.com\/es\/producto\/maria-felix-by-viviana-nolberque\/\" class=\"product-image-link\">\n\t\t\t<div class=\"product-labels labels-rectangular\"><span class=\"out-of-stock product-label\">Sold out<\/span><\/div><img loading=\"lazy\" decoding=\"async\" width=\"1000\" height=\"1000\" src=\"https:\/\/artvallarta.com\/wp-content\/uploads\/woocommerce-placeholder-1000x1000.png\" class=\"woocommerce-placeholder wp-post-image\" alt=\"Marcador\" srcset=\"https:\/\/artvallarta.com\/wp-content\/uploads\/woocommerce-placeholder-1000x1000.png 1000w, https:\/\/artvallarta.com\/wp-content\/uploads\/woocommerce-placeholder-150x150.png 150w, https:\/\/artvallarta.com\/wp-content\/uploads\/woocommerce-placeholder-500x500.png 500w, https:\/\/artvallarta.com\/wp-content\/uploads\/woocommerce-placeholder-300x300.png 300w, https:\/\/artvallarta.com\/wp-content\/uploads\/woocommerce-placeholder-768x768.png 768w, https:\/\/artvallarta.com\/wp-content\/uploads\/woocommerce-placeholder-1024x1024.png 1024w, https:\/\/artvallarta.com\/wp-content\/uploads\/woocommerce-placeholder-160x160.png 160w, https:\/\/artvallarta.com\/wp-content\/uploads\/woocommerce-placeholder-283x283.png 283w, https:\/\/artvallarta.com\/wp-content\/uploads\/woocommerce-placeholder-49x49.png 49w, https:\/\/artvallarta.com\/wp-content\/uploads\/woocommerce-placeholder-268x268.png 268w, https:\/\/artvallarta.com\/wp-content\/uploads\/woocommerce-placeholder-63x63.png 63w, https:\/\/artvallarta.com\/wp-content\/uploads\/woocommerce-placeholder-368x368.png 368w, https:\/\/artvallarta.com\/wp-content\/uploads\/woocommerce-placeholder-40x40.png 40w, https:\/\/artvallarta.com\/wp-content\/uploads\/woocommerce-placeholder-27x27.png 27w, https:\/\/artvallarta.com\/wp-content\/uploads\/woocommerce-placeholder.png 1200w\" sizes=\"(max-width: 1000px) 100vw, 1000px\" \/>\t\t<\/a>\n\n\t\t\n\t\t<div class=\"wrapp-swatches\">\t\t<div class=\"wd-compare-btn product-compare-button wd-action-btn wd-style-icon wd-compare-icon\">\n\t\t\t<a href=\"https:\/\/artvallarta.com\/es\/compare\/\" data-id=\"36673\" rel=\"nofollow\" data-added-text=\"Compare products\">\n\t\t\t\t<span>Compare<\/span>\n\t\t\t<\/a>\n\t\t<\/div>\n\t\t<\/div>\n\n\t\t\t<\/div>\n\n\t<div class=\"product-element-bottom product-information\">\n\t\t<h3 class=\"wd-entities-title\"><a href=\"https:\/\/artvallarta.com\/es\/producto\/maria-felix-by-viviana-nolberque\/\">Mario Moreno by Viviana Nolberque<\/a><\/h3>\t\t\t\t<div class=\"product-rating-price\">\n\t\t\t<div class=\"wrapp-product-price\">\n\t\t\t\t\t\t\t\t\n\t<span class=\"price\"><span class=\"woocommerce-Price-amount amount\"><bdi><span class=\"woocommerce-Price-currencySymbol\">MXN<\/span>3,500.00<\/bdi><\/span><\/span>\n\t\t\t<\/div>\n\t\t<\/div>\n\t\t<div class=\"fade-in-block wd-scroll\">\n\t\t\t<div class=\"hover-content wd-more-desc\">\n\t\t\t\t<div class=\"hover-content-inner wd-more-desc-inner\">\n\t\t\t\t\tAcrilco en madera Original &nbsp; &nbsp;\t\t\t\t<\/div>\n\t\t\t\t<a href=\"#\" rel=\"nofollow\" class=\"wd-more-desc-btn\" aria-label=\"Read more description\"><span><\/span><\/a>\n\t\t\t<\/div>\n\t\t\t<div class=\" wd-bottom-actions\">\n\t\t\t\t<div class=\"wrap-wishlist-button\">\t\t\t<div class=\"wd-wishlist-btn wd-action-btn wd-style-icon wd-wishlist-icon\">\n\t\t\t\t<a class=\"\" href=\"https:\/\/artvallarta.com\/es\/lista-de-deseos\/\" data-key=\"731a5e2d4c\" data-product-id=\"36673\" rel=\"nofollow\" data-added-text=\"Browse Wishlist\">\n\t\t\t\t\t<span>A\u00f1adir a mis favoritos<\/span>\n\t\t\t\t<\/a>\n\t\t\t<\/div>\n\t\t<\/div>\n\t\t\t\t<div class=\"wd-add-btn wd-add-btn-replace\">\n\t\t\t\t\t<a href=\"https:\/\/artvallarta.com\/es\/producto\/maria-felix-by-viviana-nolberque\/\" data-quantity=\"1\" class=\"button product_type_simple add-to-cart-loop\" data-product_id=\"50601\" data-product_sku=\"\" aria-label=\"Lee m\u00e1s sobre &ldquo;Mario Moreno by Viviana Nolberque&rdquo;\" rel=\"nofollow\" data-success_message=\"\"><span>Leer m\u00e1s<\/span><\/a>\t\t\t\t\t\t\t\t\t<\/div>\n\t\t\t\t<div class=\"wrap-quickview-button\">\t\t<div class=\"quick-view wd-action-btn wd-style-icon wd-quick-view-icon\">\n\t\t\t<a\n\t\t\t\thref=\"https:\/\/artvallarta.com\/es\/producto\/maria-felix-by-viviana-nolberque\/\"\n\t\t\t\tclass=\"open-quick-view quick-view-button\"\n\t\t\t\trel=\"nofollow\"\n\t\t\t\tdata-id=\"50601\"\n\t\t\t\t>Quick view<\/a>\n\t\t<\/div>\n\t\t<\/div>\n\t\t\t<\/div>\n\n\n\t\t\t\t\t\t\n\t\t\t\t\t<\/div>\n\t<\/div>\n<\/div>\n<\/div>\n\t\t\t\t\t\t\t\t<div class=\"product-grid-item wd-with-labels product product-no-swatches wd-hover-base wd-hover-with-fade  col-lg-4 col-md-4 col-6 first  type-product post-50604 status-publish outofstock product_cat-decorative-es product_cat-boutique-es product_cat-exhibition-2020-dia-de-los-muertos-es product_cat-gallery-art product_cat-viviana-nolberque-es taxable shipping-taxable purchasable product-type-simple\" data-loop=\"31\" data-id=\"50604\">\n\t\n\t\n<div class=\"product-wrapper\">\n\t<div class=\"content-product-imagin\"><\/div>\n\t<div class=\"product-element-top wd-quick-shop\">\n\t\t<a href=\"https:\/\/artvallarta.com\/es\/producto\/alebrije-by-viviana-nolberque\/\" class=\"product-image-link\">\n\t\t\t<div class=\"product-labels labels-rectangular\"><span class=\"out-of-stock product-label\">Sold out<\/span><\/div><img loading=\"lazy\" decoding=\"async\" width=\"1000\" height=\"1000\" src=\"https:\/\/artvallarta.com\/wp-content\/uploads\/woocommerce-placeholder-1000x1000.png\" class=\"woocommerce-placeholder wp-post-image\" alt=\"Marcador\" srcset=\"https:\/\/artvallarta.com\/wp-content\/uploads\/woocommerce-placeholder-1000x1000.png 1000w, https:\/\/artvallarta.com\/wp-content\/uploads\/woocommerce-placeholder-150x150.png 150w, https:\/\/artvallarta.com\/wp-content\/uploads\/woocommerce-placeholder-500x500.png 500w, https:\/\/artvallarta.com\/wp-content\/uploads\/woocommerce-placeholder-300x300.png 300w, https:\/\/artvallarta.com\/wp-content\/uploads\/woocommerce-placeholder-768x768.png 768w, https:\/\/artvallarta.com\/wp-content\/uploads\/woocommerce-placeholder-1024x1024.png 1024w, https:\/\/artvallarta.com\/wp-content\/uploads\/woocommerce-placeholder-160x160.png 160w, https:\/\/artvallarta.com\/wp-content\/uploads\/woocommerce-placeholder-283x283.png 283w, https:\/\/artvallarta.com\/wp-content\/uploads\/woocommerce-placeholder-49x49.png 49w, https:\/\/artvallarta.com\/wp-content\/uploads\/woocommerce-placeholder-268x268.png 268w, https:\/\/artvallarta.com\/wp-content\/uploads\/woocommerce-placeholder-63x63.png 63w, https:\/\/artvallarta.com\/wp-content\/uploads\/woocommerce-placeholder-368x368.png 368w, https:\/\/artvallarta.com\/wp-content\/uploads\/woocommerce-placeholder-40x40.png 40w, https:\/\/artvallarta.com\/wp-content\/uploads\/woocommerce-placeholder-27x27.png 27w, https:\/\/artvallarta.com\/wp-content\/uploads\/woocommerce-placeholder.png 1200w\" sizes=\"(max-width: 1000px) 100vw, 1000px\" \/>\t\t<\/a>\n\n\t\t\n\t\t<div class=\"wrapp-swatches\">\t\t<div class=\"wd-compare-btn product-compare-button wd-action-btn wd-style-icon wd-compare-icon\">\n\t\t\t<a href=\"https:\/\/artvallarta.com\/es\/compare\/\" data-id=\"36670\" rel=\"nofollow\" data-added-text=\"Compare products\">\n\t\t\t\t<span>Compare<\/span>\n\t\t\t<\/a>\n\t\t<\/div>\n\t\t<\/div>\n\n\t\t\t<\/div>\n\n\t<div class=\"product-element-bottom product-information\">\n\t\t<h3 class=\"wd-entities-title\"><a href=\"https:\/\/artvallarta.com\/es\/producto\/alebrije-by-viviana-nolberque\/\">Alebrije by Viviana Nolberque<\/a><\/h3>\t\t\t\t<div class=\"product-rating-price\">\n\t\t\t<div class=\"wrapp-product-price\">\n\t\t\t\t\t\t\t\t\n\t<span class=\"price\"><span class=\"woocommerce-Price-amount amount\"><bdi><span class=\"woocommerce-Price-currencySymbol\">MXN<\/span>1,500.00<\/bdi><\/span><\/span>\n\t\t\t<\/div>\n\t\t<\/div>\n\t\t<div class=\"fade-in-block wd-scroll\">\n\t\t\t<div class=\"hover-content wd-more-desc\">\n\t\t\t\t<div class=\"hover-content-inner wd-more-desc-inner\">\n\t\t\t\t\tAcrilco en ceramica Original &nbsp; &nbsp;\t\t\t\t<\/div>\n\t\t\t\t<a href=\"#\" rel=\"nofollow\" class=\"wd-more-desc-btn\" aria-label=\"Read more description\"><span><\/span><\/a>\n\t\t\t<\/div>\n\t\t\t<div class=\" wd-bottom-actions\">\n\t\t\t\t<div class=\"wrap-wishlist-button\">\t\t\t<div class=\"wd-wishlist-btn wd-action-btn wd-style-icon wd-wishlist-icon\">\n\t\t\t\t<a class=\"\" href=\"https:\/\/artvallarta.com\/es\/lista-de-deseos\/\" data-key=\"731a5e2d4c\" data-product-id=\"36670\" rel=\"nofollow\" data-added-text=\"Browse Wishlist\">\n\t\t\t\t\t<span>A\u00f1adir a mis favoritos<\/span>\n\t\t\t\t<\/a>\n\t\t\t<\/div>\n\t\t<\/div>\n\t\t\t\t<div class=\"wd-add-btn wd-add-btn-replace\">\n\t\t\t\t\t<a href=\"https:\/\/artvallarta.com\/es\/producto\/alebrije-by-viviana-nolberque\/\" data-quantity=\"1\" class=\"button product_type_simple add-to-cart-loop\" data-product_id=\"50604\" data-product_sku=\"\" aria-label=\"Lee m\u00e1s sobre &ldquo;Alebrije by Viviana Nolberque&rdquo;\" rel=\"nofollow\" data-success_message=\"\"><span>Leer m\u00e1s<\/span><\/a>\t\t\t\t\t\t\t\t\t<\/div>\n\t\t\t\t<div class=\"wrap-quickview-button\">\t\t<div class=\"quick-view wd-action-btn wd-style-icon wd-quick-view-icon\">\n\t\t\t<a\n\t\t\t\thref=\"https:\/\/artvallarta.com\/es\/producto\/alebrije-by-viviana-nolberque\/\"\n\t\t\t\tclass=\"open-quick-view quick-view-button\"\n\t\t\t\trel=\"nofollow\"\n\t\t\t\tdata-id=\"50604\"\n\t\t\t\t>Quick view<\/a>\n\t\t<\/div>\n\t\t<\/div>\n\t\t\t<\/div>\n\n\n\t\t\t\t\t\t\n\t\t\t\t\t<\/div>\n\t<\/div>\n<\/div>\n<\/div>\n\t\t\t\t\t\t\t\t<div class=\"product-grid-item wd-with-labels product product-no-swatches wd-hover-base wd-hover-with-fade  col-lg-4 col-md-4 col-6 type-product post-50603 status-publish last outofstock product_cat-decorative-es product_cat-boutique-es product_cat-exhibition-2020-dia-de-los-muertos-es product_cat-gallery-art product_cat-viviana-nolberque-es taxable shipping-taxable purchasable product-type-simple\" data-loop=\"32\" data-id=\"50603\">\n\t\n\t\n<div class=\"product-wrapper\">\n\t<div class=\"content-product-imagin\"><\/div>\n\t<div class=\"product-element-top wd-quick-shop\">\n\t\t<a href=\"https:\/\/artvallarta.com\/es\/producto\/calavera-con-mariposas-by-viviana-nolberque\/\" class=\"product-image-link\">\n\t\t\t<div class=\"product-labels labels-rectangular\"><span class=\"out-of-stock product-label\">Sold out<\/span><\/div><img loading=\"lazy\" decoding=\"async\" width=\"1000\" height=\"1000\" src=\"https:\/\/artvallarta.com\/wp-content\/uploads\/woocommerce-placeholder-1000x1000.png\" class=\"woocommerce-placeholder wp-post-image\" alt=\"Marcador\" srcset=\"https:\/\/artvallarta.com\/wp-content\/uploads\/woocommerce-placeholder-1000x1000.png 1000w, https:\/\/artvallarta.com\/wp-content\/uploads\/woocommerce-placeholder-150x150.png 150w, https:\/\/artvallarta.com\/wp-content\/uploads\/woocommerce-placeholder-500x500.png 500w, https:\/\/artvallarta.com\/wp-content\/uploads\/woocommerce-placeholder-300x300.png 300w, https:\/\/artvallarta.com\/wp-content\/uploads\/woocommerce-placeholder-768x768.png 768w, https:\/\/artvallarta.com\/wp-content\/uploads\/woocommerce-placeholder-1024x1024.png 1024w, https:\/\/artvallarta.com\/wp-content\/uploads\/woocommerce-placeholder-160x160.png 160w, https:\/\/artvallarta.com\/wp-content\/uploads\/woocommerce-placeholder-283x283.png 283w, https:\/\/artvallarta.com\/wp-content\/uploads\/woocommerce-placeholder-49x49.png 49w, https:\/\/artvallarta.com\/wp-content\/uploads\/woocommerce-placeholder-268x268.png 268w, https:\/\/artvallarta.com\/wp-content\/uploads\/woocommerce-placeholder-63x63.png 63w, https:\/\/artvallarta.com\/wp-content\/uploads\/woocommerce-placeholder-368x368.png 368w, https:\/\/artvallarta.com\/wp-content\/uploads\/woocommerce-placeholder-40x40.png 40w, https:\/\/artvallarta.com\/wp-content\/uploads\/woocommerce-placeholder-27x27.png 27w, https:\/\/artvallarta.com\/wp-content\/uploads\/woocommerce-placeholder.png 1200w\" sizes=\"(max-width: 1000px) 100vw, 1000px\" \/>\t\t<\/a>\n\n\t\t\n\t\t<div class=\"wrapp-swatches\">\t\t<div class=\"wd-compare-btn product-compare-button wd-action-btn wd-style-icon wd-compare-icon\">\n\t\t\t<a href=\"https:\/\/artvallarta.com\/es\/compare\/\" data-id=\"36671\" rel=\"nofollow\" data-added-text=\"Compare products\">\n\t\t\t\t<span>Compare<\/span>\n\t\t\t<\/a>\n\t\t<\/div>\n\t\t<\/div>\n\n\t\t\t<\/div>\n\n\t<div class=\"product-element-bottom product-information\">\n\t\t<h3 class=\"wd-entities-title\"><a href=\"https:\/\/artvallarta.com\/es\/producto\/calavera-con-mariposas-by-viviana-nolberque\/\">Calavera con Mariposas by Viviana Nolberque<\/a><\/h3>\t\t\t\t<div class=\"product-rating-price\">\n\t\t\t<div class=\"wrapp-product-price\">\n\t\t\t\t\t\t\t\t\n\t<span class=\"price\"><span class=\"woocommerce-Price-amount amount\"><bdi><span class=\"woocommerce-Price-currencySymbol\">MXN<\/span>2,500.00<\/bdi><\/span><\/span>\n\t\t\t<\/div>\n\t\t<\/div>\n\t\t<div class=\"fade-in-block wd-scroll\">\n\t\t\t<div class=\"hover-content wd-more-desc\">\n\t\t\t\t<div class=\"hover-content-inner wd-more-desc-inner\">\n\t\t\t\t\tAcrilco en ceramica Original &nbsp; &nbsp;\t\t\t\t<\/div>\n\t\t\t\t<a href=\"#\" rel=\"nofollow\" class=\"wd-more-desc-btn\" aria-label=\"Read more description\"><span><\/span><\/a>\n\t\t\t<\/div>\n\t\t\t<div class=\" wd-bottom-actions\">\n\t\t\t\t<div class=\"wrap-wishlist-button\">\t\t\t<div class=\"wd-wishlist-btn wd-action-btn wd-style-icon wd-wishlist-icon\">\n\t\t\t\t<a class=\"\" href=\"https:\/\/artvallarta.com\/es\/lista-de-deseos\/\" data-key=\"731a5e2d4c\" data-product-id=\"36671\" rel=\"nofollow\" data-added-text=\"Browse Wishlist\">\n\t\t\t\t\t<span>A\u00f1adir a mis favoritos<\/span>\n\t\t\t\t<\/a>\n\t\t\t<\/div>\n\t\t<\/div>\n\t\t\t\t<div class=\"wd-add-btn wd-add-btn-replace\">\n\t\t\t\t\t<a href=\"https:\/\/artvallarta.com\/es\/producto\/calavera-con-mariposas-by-viviana-nolberque\/\" data-quantity=\"1\" class=\"button product_type_simple add-to-cart-loop\" data-product_id=\"50603\" data-product_sku=\"\" aria-label=\"Lee m\u00e1s sobre &ldquo;Calavera con Mariposas by Viviana Nolberque&rdquo;\" rel=\"nofollow\" data-success_message=\"\"><span>Leer m\u00e1s<\/span><\/a>\t\t\t\t\t\t\t\t\t<\/div>\n\t\t\t\t<div class=\"wrap-quickview-button\">\t\t<div class=\"quick-view wd-action-btn wd-style-icon wd-quick-view-icon\">\n\t\t\t<a\n\t\t\t\thref=\"https:\/\/artvallarta.com\/es\/producto\/calavera-con-mariposas-by-viviana-nolberque\/\"\n\t\t\t\tclass=\"open-quick-view quick-view-button\"\n\t\t\t\trel=\"nofollow\"\n\t\t\t\tdata-id=\"50603\"\n\t\t\t\t>Quick view<\/a>\n\t\t<\/div>\n\t\t<\/div>\n\t\t\t<\/div>\n\n\n\t\t\t\t\t\t\n\t\t\t\t\t<\/div>\n\t<\/div>\n<\/div>\n<\/div>\n\t\t\t\t\t\t\t\t<div class=\"product-grid-item wd-with-labels product product-no-swatches wd-hover-base wd-hover-with-fade  col-lg-4 col-md-4 col-6 last  type-product post-50600 status-publish first outofstock product_cat-decorative-es product_cat-boutique-es product_cat-exhibition-2020-dia-de-los-muertos-es product_cat-gallery-art product_cat-viviana-nolberque-es taxable shipping-taxable purchasable product-type-simple\" data-loop=\"33\" data-id=\"50600\">\n\t\n\t\n<div class=\"product-wrapper\">\n\t<div class=\"content-product-imagin\"><\/div>\n\t<div class=\"product-element-top wd-quick-shop\">\n\t\t<a href=\"https:\/\/artvallarta.com\/es\/producto\/maria-felix-by-viviana-nolberque-2\/\" class=\"product-image-link\">\n\t\t\t<div class=\"product-labels labels-rectangular\"><span class=\"out-of-stock product-label\">Sold out<\/span><\/div><img loading=\"lazy\" decoding=\"async\" width=\"1000\" height=\"1000\" src=\"https:\/\/artvallarta.com\/wp-content\/uploads\/woocommerce-placeholder-1000x1000.png\" class=\"woocommerce-placeholder wp-post-image\" alt=\"Marcador\" srcset=\"https:\/\/artvallarta.com\/wp-content\/uploads\/woocommerce-placeholder-1000x1000.png 1000w, https:\/\/artvallarta.com\/wp-content\/uploads\/woocommerce-placeholder-150x150.png 150w, https:\/\/artvallarta.com\/wp-content\/uploads\/woocommerce-placeholder-500x500.png 500w, https:\/\/artvallarta.com\/wp-content\/uploads\/woocommerce-placeholder-300x300.png 300w, https:\/\/artvallarta.com\/wp-content\/uploads\/woocommerce-placeholder-768x768.png 768w, https:\/\/artvallarta.com\/wp-content\/uploads\/woocommerce-placeholder-1024x1024.png 1024w, https:\/\/artvallarta.com\/wp-content\/uploads\/woocommerce-placeholder-160x160.png 160w, https:\/\/artvallarta.com\/wp-content\/uploads\/woocommerce-placeholder-283x283.png 283w, https:\/\/artvallarta.com\/wp-content\/uploads\/woocommerce-placeholder-49x49.png 49w, https:\/\/artvallarta.com\/wp-content\/uploads\/woocommerce-placeholder-268x268.png 268w, https:\/\/artvallarta.com\/wp-content\/uploads\/woocommerce-placeholder-63x63.png 63w, https:\/\/artvallarta.com\/wp-content\/uploads\/woocommerce-placeholder-368x368.png 368w, https:\/\/artvallarta.com\/wp-content\/uploads\/woocommerce-placeholder-40x40.png 40w, https:\/\/artvallarta.com\/wp-content\/uploads\/woocommerce-placeholder-27x27.png 27w, https:\/\/artvallarta.com\/wp-content\/uploads\/woocommerce-placeholder.png 1200w\" sizes=\"(max-width: 1000px) 100vw, 1000px\" \/>\t\t<\/a>\n\n\t\t\n\t\t<div class=\"wrapp-swatches\">\t\t<div class=\"wd-compare-btn product-compare-button wd-action-btn wd-style-icon wd-compare-icon\">\n\t\t\t<a href=\"https:\/\/artvallarta.com\/es\/compare\/\" data-id=\"36675\" rel=\"nofollow\" data-added-text=\"Compare products\">\n\t\t\t\t<span>Compare<\/span>\n\t\t\t<\/a>\n\t\t<\/div>\n\t\t<\/div>\n\n\t\t\t<\/div>\n\n\t<div class=\"product-element-bottom product-information\">\n\t\t<h3 class=\"wd-entities-title\"><a href=\"https:\/\/artvallarta.com\/es\/producto\/maria-felix-by-viviana-nolberque-2\/\">Maria Felix by Viviana Nolberque<\/a><\/h3>\t\t\t\t<div class=\"product-rating-price\">\n\t\t\t<div class=\"wrapp-product-price\">\n\t\t\t\t\t\t\t\t\n\t<span class=\"price\"><span class=\"woocommerce-Price-amount amount\"><bdi><span class=\"woocommerce-Price-currencySymbol\">MXN<\/span>3,500.00<\/bdi><\/span><\/span>\n\t\t\t<\/div>\n\t\t<\/div>\n\t\t<div class=\"fade-in-block wd-scroll\">\n\t\t\t<div class=\"hover-content wd-more-desc\">\n\t\t\t\t<div class=\"hover-content-inner wd-more-desc-inner\">\n\t\t\t\t\tAcrilco en madera Original &nbsp; &nbsp;\t\t\t\t<\/div>\n\t\t\t\t<a href=\"#\" rel=\"nofollow\" class=\"wd-more-desc-btn\" aria-label=\"Read more description\"><span><\/span><\/a>\n\t\t\t<\/div>\n\t\t\t<div class=\" wd-bottom-actions\">\n\t\t\t\t<div class=\"wrap-wishlist-button\">\t\t\t<div class=\"wd-wishlist-btn wd-action-btn wd-style-icon wd-wishlist-icon\">\n\t\t\t\t<a class=\"\" href=\"https:\/\/artvallarta.com\/es\/lista-de-deseos\/\" data-key=\"731a5e2d4c\" data-product-id=\"36675\" rel=\"nofollow\" data-added-text=\"Browse Wishlist\">\n\t\t\t\t\t<span>A\u00f1adir a mis favoritos<\/span>\n\t\t\t\t<\/a>\n\t\t\t<\/div>\n\t\t<\/div>\n\t\t\t\t<div class=\"wd-add-btn wd-add-btn-replace\">\n\t\t\t\t\t<a href=\"https:\/\/artvallarta.com\/es\/producto\/maria-felix-by-viviana-nolberque-2\/\" data-quantity=\"1\" class=\"button product_type_simple add-to-cart-loop\" data-product_id=\"50600\" data-product_sku=\"\" aria-label=\"Lee m\u00e1s sobre &ldquo;Maria Felix by Viviana Nolberque&rdquo;\" rel=\"nofollow\" data-success_message=\"\"><span>Leer m\u00e1s<\/span><\/a>\t\t\t\t\t\t\t\t\t<\/div>\n\t\t\t\t<div class=\"wrap-quickview-button\">\t\t<div class=\"quick-view wd-action-btn wd-style-icon wd-quick-view-icon\">\n\t\t\t<a\n\t\t\t\thref=\"https:\/\/artvallarta.com\/es\/producto\/maria-felix-by-viviana-nolberque-2\/\"\n\t\t\t\tclass=\"open-quick-view quick-view-button\"\n\t\t\t\trel=\"nofollow\"\n\t\t\t\tdata-id=\"50600\"\n\t\t\t\t>Quick view<\/a>\n\t\t<\/div>\n\t\t<\/div>\n\t\t\t<\/div>\n\n\n\t\t\t\t\t\t\n\t\t\t\t\t<\/div>\n\t<\/div>\n<\/div>\n<\/div>\n\t\t\t\t\t\t\t\t<div class=\"product-grid-item product product-no-swatches wd-hover-base wd-hover-with-fade  col-lg-4 col-md-4 col-6 first  type-product post-50617 status-publish instock product_cat-chaz-manacsa-es product_cat-exhibition-2020-dia-de-los-muertos-es product_cat-gallery-art has-post-thumbnail taxable shipping-taxable purchasable product-type-simple\" data-loop=\"34\" data-id=\"50617\">\n\t\n\t\n<div class=\"product-wrapper\">\n\t<div class=\"content-product-imagin\"><\/div>\n\t<div class=\"product-element-top wd-quick-shop\">\n\t\t<a href=\"https:\/\/artvallarta.com\/es\/producto\/miguel-by-chaz-manacsa\/\" class=\"product-image-link\">\n\t\t\t<img loading=\"lazy\" decoding=\"async\" width=\"748\" height=\"1024\" src=\"https:\/\/artvallarta.com\/wp-content\/uploads\/2020\/10\/cm2-748x1024.jpg\" class=\"attachment-large size-large wp-image-50618\" alt=\"\" srcset=\"https:\/\/artvallarta.com\/wp-content\/uploads\/2020\/10\/cm2-748x1024.jpg 748w, https:\/\/artvallarta.com\/wp-content\/uploads\/2020\/10\/cm2-150x205.jpg 150w, https:\/\/artvallarta.com\/wp-content\/uploads\/2020\/10\/cm2-219x300.jpg 219w, https:\/\/artvallarta.com\/wp-content\/uploads\/2020\/10\/cm2-768x1051.jpg 768w, https:\/\/artvallarta.com\/wp-content\/uploads\/2020\/10\/cm2.jpg 843w\" sizes=\"(max-width: 748px) 100vw, 748px\" \/>\t\t<\/a>\n\n\t\t\n\t\t<div class=\"wrapp-swatches\">\t\t<div class=\"wd-compare-btn product-compare-button wd-action-btn wd-style-icon wd-compare-icon\">\n\t\t\t<a href=\"https:\/\/artvallarta.com\/es\/compare\/\" data-id=\"36527\" rel=\"nofollow\" data-added-text=\"Compare products\">\n\t\t\t\t<span>Compare<\/span>\n\t\t\t<\/a>\n\t\t<\/div>\n\t\t<\/div>\n\n\t\t\t<\/div>\n\n\t<div class=\"product-element-bottom product-information\">\n\t\t<h3 class=\"wd-entities-title\"><a href=\"https:\/\/artvallarta.com\/es\/producto\/miguel-by-chaz-manacsa\/\">Miguel by Chaz Manacsa<\/a><\/h3>\t\t\t\t<div class=\"product-rating-price\">\n\t\t\t<div class=\"wrapp-product-price\">\n\t\t\t\t\t\t\t\t\n\t<span class=\"price\"><span class=\"woocommerce-Price-amount amount\"><bdi><span class=\"woocommerce-Price-currencySymbol\">MXN<\/span>3,000.00<\/bdi><\/span><\/span>\n\t\t\t<\/div>\n\t\t<\/div>\n\t\t<div class=\"fade-in-block wd-scroll\">\n\t\t\t<div class=\"hover-content wd-more-desc\">\n\t\t\t\t<div class=\"hover-content-inner wd-more-desc-inner\">\n\t\t\t\t\tMixed Media Original\t\t\t\t<\/div>\n\t\t\t\t<a href=\"#\" rel=\"nofollow\" class=\"wd-more-desc-btn\" aria-label=\"Read more description\"><span><\/span><\/a>\n\t\t\t<\/div>\n\t\t\t<div class=\" wd-bottom-actions\">\n\t\t\t\t<div class=\"wrap-wishlist-button\">\t\t\t<div class=\"wd-wishlist-btn wd-action-btn wd-style-icon wd-wishlist-icon\">\n\t\t\t\t<a class=\"\" href=\"https:\/\/artvallarta.com\/es\/lista-de-deseos\/\" data-key=\"731a5e2d4c\" data-product-id=\"36527\" rel=\"nofollow\" data-added-text=\"Browse Wishlist\">\n\t\t\t\t\t<span>A\u00f1adir a mis favoritos<\/span>\n\t\t\t\t<\/a>\n\t\t\t<\/div>\n\t\t<\/div>\n\t\t\t\t<div class=\"wd-add-btn wd-add-btn-replace\">\n\t\t\t\t\t<a href=\"\/es\/wp-json\/wp\/v2\/posts\/49937?add-to-cart=50617\" data-quantity=\"1\" class=\"button product_type_simple add_to_cart_button ajax_add_to_cart add-to-cart-loop\" data-product_id=\"50617\" data-product_sku=\"\" aria-label=\"A\u00f1adir al carrito: &ldquo;Miguel by Chaz Manacsa&rdquo;\" rel=\"nofollow\" data-success_message=\"\u00abMiguel by Chaz Manacsa\u00bb se ha a\u00f1adido a tu carrito\" role=\"button\"><span>A\u00f1adir al carrito<\/span><\/a>\t\t\t\t\t\t\t\t\t<\/div>\n\t\t\t\t<div class=\"wrap-quickview-button\">\t\t<div class=\"quick-view wd-action-btn wd-style-icon wd-quick-view-icon\">\n\t\t\t<a\n\t\t\t\thref=\"https:\/\/artvallarta.com\/es\/producto\/miguel-by-chaz-manacsa\/\"\n\t\t\t\tclass=\"open-quick-view quick-view-button\"\n\t\t\t\trel=\"nofollow\"\n\t\t\t\tdata-id=\"50617\"\n\t\t\t\t>Quick view<\/a>\n\t\t<\/div>\n\t\t<\/div>\n\t\t\t<\/div>\n\n\n\t\t\t\t\t\t\n\t\t\t\t\t<\/div>\n\t<\/div>\n<\/div>\n<\/div>\n\t\t\n\t\t\t\t<\/div>\n\t\n\t\t\n\t\t\n\t\t\t\t\t<\/div>\n\t\t\n\t\t\t\t\t\t<\/div>\n\t\t\t\t<\/div>\n\t\t\t\t\t<\/div>\n\t\t<\/div>\n\t\t\t\t\t<\/div>\n\t\t<\/section>\n\t\t\t\t<\/div>\n\t\t","protected":false},"excerpt":{"rendered":"","protected":false},"author":68,"featured_media":49938,"comment_status":"closed","ping_status":"closed","sticky":false,"template":"","format":"standard","meta":{"footnotes":""},"categories":[],"tags":[],"class_list":["post-49937","post","type-post","status-publish","format-standard","has-post-thumbnail","hentry"],"yoast_head":"<!-- This site is optimized with the Yoast SEO plugin v27.5 - https:\/\/yoast.com\/product\/yoast-seo-wordpress\/ -->\n<title>2020 Exposici\u00f3n Galer\u00eda Dia de Muertos - Art VallARTa<\/title>\n<meta name=\"robots\" content=\"index, follow, max-snippet:-1, max-image-preview:large, max-video-preview:-1\" \/>\n<link rel=\"canonical\" href=\"https:\/\/artvallarta.com\/es\/2020-dio-de-los-muertos-gallery-exhibition\/\" \/>\n<meta property=\"og:locale\" content=\"es_ES\" \/>\n<meta property=\"og:type\" content=\"article\" \/>\n<meta property=\"og:title\" content=\"2020 Exposici\u00f3n Galer\u00eda Dia de Muertos - Art VallARTa\" \/>\n<meta property=\"og:url\" content=\"https:\/\/artvallarta.com\/es\/2020-dio-de-los-muertos-gallery-exhibition\/\" \/>\n<meta property=\"og:site_name\" content=\"Art VallARTa\" \/>\n<meta property=\"article:publisher\" content=\"http:\/\/www.facebook.com\/artvallarta\" \/>\n<meta property=\"article:published_time\" content=\"2020-10-15T18:40:31+00:00\" \/>\n<meta property=\"article:modified_time\" content=\"2021-06-08T20:24:29+00:00\" \/>\n<meta property=\"og:image\" content=\"https:\/\/artvallarta.com\/wp-content\/uploads\/2021\/02\/2020dia.jpg\" \/>\n\t<meta property=\"og:image:width\" content=\"1198\" \/>\n\t<meta property=\"og:image:height\" content=\"1616\" \/>\n\t<meta property=\"og:image:type\" content=\"image\/jpeg\" \/>\n<meta name=\"author\" content=\"Alan Ross\" \/>\n<meta name=\"twitter:card\" content=\"summary_large_image\" \/>\n<meta name=\"twitter:label1\" content=\"Escrito por\" \/>\n\t<meta name=\"twitter:data1\" content=\"Alan Ross\" \/>\n<script type=\"application\/ld+json\" class=\"yoast-schema-graph\">{\"@context\":\"https:\\\/\\\/schema.org\",\"@graph\":[{\"@type\":\"Article\",\"@id\":\"https:\\\/\\\/artvallarta.com\\\/es\\\/2020-dio-de-los-muertos-gallery-exhibition\\\/#article\",\"isPartOf\":{\"@id\":\"https:\\\/\\\/artvallarta.com\\\/es\\\/2020-dio-de-los-muertos-gallery-exhibition\\\/\"},\"author\":{\"name\":\"Alan Ross\",\"@id\":\"https:\\\/\\\/artvallarta.com\\\/es\\\/#\\\/schema\\\/person\\\/4097b1533c82696c6ebae1d45b1fa8b5\"},\"headline\":\"2020 Exposici\u00f3n Galer\u00eda Dia de Muertos\",\"datePublished\":\"2020-10-15T18:40:31+00:00\",\"dateModified\":\"2021-06-08T20:24:29+00:00\",\"mainEntityOfPage\":{\"@id\":\"https:\\\/\\\/artvallarta.com\\\/es\\\/2020-dio-de-los-muertos-gallery-exhibition\\\/\"},\"wordCount\":7,\"publisher\":{\"@id\":\"https:\\\/\\\/artvallarta.com\\\/es\\\/#organization\"},\"image\":{\"@id\":\"https:\\\/\\\/artvallarta.com\\\/es\\\/2020-dio-de-los-muertos-gallery-exhibition\\\/#primaryimage\"},\"thumbnailUrl\":\"https:\\\/\\\/artvallarta.com\\\/wp-content\\\/uploads\\\/2021\\\/02\\\/2020dia.jpg\",\"inLanguage\":\"es\"},{\"@type\":\"WebPage\",\"@id\":\"https:\\\/\\\/artvallarta.com\\\/es\\\/2020-dio-de-los-muertos-gallery-exhibition\\\/\",\"url\":\"https:\\\/\\\/artvallarta.com\\\/es\\\/2020-dio-de-los-muertos-gallery-exhibition\\\/\",\"name\":\"2020 Exposici\u00f3n Galer\u00eda Dia de Muertos - Art VallARTa\",\"isPartOf\":{\"@id\":\"https:\\\/\\\/artvallarta.com\\\/es\\\/#website\"},\"primaryImageOfPage\":{\"@id\":\"https:\\\/\\\/artvallarta.com\\\/es\\\/2020-dio-de-los-muertos-gallery-exhibition\\\/#primaryimage\"},\"image\":{\"@id\":\"https:\\\/\\\/artvallarta.com\\\/es\\\/2020-dio-de-los-muertos-gallery-exhibition\\\/#primaryimage\"},\"thumbnailUrl\":\"https:\\\/\\\/artvallarta.com\\\/wp-content\\\/uploads\\\/2021\\\/02\\\/2020dia.jpg\",\"datePublished\":\"2020-10-15T18:40:31+00:00\",\"dateModified\":\"2021-06-08T20:24:29+00:00\",\"breadcrumb\":{\"@id\":\"https:\\\/\\\/artvallarta.com\\\/es\\\/2020-dio-de-los-muertos-gallery-exhibition\\\/#breadcrumb\"},\"inLanguage\":\"es\",\"potentialAction\":[{\"@type\":\"ReadAction\",\"target\":[\"https:\\\/\\\/artvallarta.com\\\/es\\\/2020-dio-de-los-muertos-gallery-exhibition\\\/\"]}]},{\"@type\":\"ImageObject\",\"inLanguage\":\"es\",\"@id\":\"https:\\\/\\\/artvallarta.com\\\/es\\\/2020-dio-de-los-muertos-gallery-exhibition\\\/#primaryimage\",\"url\":\"https:\\\/\\\/artvallarta.com\\\/wp-content\\\/uploads\\\/2021\\\/02\\\/2020dia.jpg\",\"contentUrl\":\"https:\\\/\\\/artvallarta.com\\\/wp-content\\\/uploads\\\/2021\\\/02\\\/2020dia.jpg\",\"width\":1198,\"height\":1616},{\"@type\":\"BreadcrumbList\",\"@id\":\"https:\\\/\\\/artvallarta.com\\\/es\\\/2020-dio-de-los-muertos-gallery-exhibition\\\/#breadcrumb\",\"itemListElement\":[{\"@type\":\"ListItem\",\"position\":1,\"name\":\"Pagina principal\",\"item\":\"https:\\\/\\\/artvallarta.com\\\/es\\\/art-vallarta-puerto-vallarta-mexico-home\\\/\"},{\"@type\":\"ListItem\",\"position\":2,\"name\":\"2020 Exposici\u00f3n Galer\u00eda Dia de Muertos\"}]},{\"@type\":\"WebSite\",\"@id\":\"https:\\\/\\\/artvallarta.com\\\/es\\\/#website\",\"url\":\"https:\\\/\\\/artvallarta.com\\\/es\\\/\",\"name\":\"Art VallARTa\",\"description\":\"Art VallARTa\",\"publisher\":{\"@id\":\"https:\\\/\\\/artvallarta.com\\\/es\\\/#organization\"},\"potentialAction\":[{\"@type\":\"SearchAction\",\"target\":{\"@type\":\"EntryPoint\",\"urlTemplate\":\"https:\\\/\\\/artvallarta.com\\\/es\\\/?s={search_term_string}\"},\"query-input\":{\"@type\":\"PropertyValueSpecification\",\"valueRequired\":true,\"valueName\":\"search_term_string\"}}],\"inLanguage\":\"es\"},{\"@type\":\"Organization\",\"@id\":\"https:\\\/\\\/artvallarta.com\\\/es\\\/#organization\",\"name\":\"Art VallARTa\",\"url\":\"https:\\\/\\\/artvallarta.com\\\/es\\\/\",\"logo\":{\"@type\":\"ImageObject\",\"inLanguage\":\"es\",\"@id\":\"https:\\\/\\\/artvallarta.com\\\/es\\\/#\\\/schema\\\/logo\\\/image\\\/\",\"url\":\"https:\\\/\\\/artvallarta.com\\\/wp-content\\\/uploads\\\/2019\\\/02\\\/51835738_615449708895218_133232196214325248_n.jpg\",\"contentUrl\":\"https:\\\/\\\/artvallarta.com\\\/wp-content\\\/uploads\\\/2019\\\/02\\\/51835738_615449708895218_133232196214325248_n.jpg\",\"width\":2048,\"height\":1466,\"caption\":\"Art VallARTa\"},\"image\":{\"@id\":\"https:\\\/\\\/artvallarta.com\\\/es\\\/#\\\/schema\\\/logo\\\/image\\\/\"},\"sameAs\":[\"http:\\\/\\\/www.facebook.com\\\/artvallarta\",\"http:\\\/\\\/www.instagram.com\\\/artvallarta\",\"http:\\\/\\\/www.pinterest\\\/artvallarta\",\"https:\\\/\\\/www.youtube.com\\\/channel\\\/UCOqDy2Oyk7EU4tz3S2Gl7kQ\"]},{\"@type\":\"Person\",\"@id\":\"https:\\\/\\\/artvallarta.com\\\/es\\\/#\\\/schema\\\/person\\\/4097b1533c82696c6ebae1d45b1fa8b5\",\"name\":\"Alan Ross\",\"url\":\"https:\\\/\\\/artvallarta.com\\\/es\\\/author\\\/alanworldtvl\\\/\"}]}<\/script>\n<!-- \/ Yoast SEO plugin. -->","yoast_head_json":{"title":"2020 Exposici\u00f3n Galer\u00eda Dia de Muertos - Art VallARTa","robots":{"index":"index","follow":"follow","max-snippet":"max-snippet:-1","max-image-preview":"max-image-preview:large","max-video-preview":"max-video-preview:-1"},"canonical":"https:\/\/artvallarta.com\/es\/2020-dio-de-los-muertos-gallery-exhibition\/","og_locale":"es_ES","og_type":"article","og_title":"2020 Exposici\u00f3n Galer\u00eda Dia de Muertos - Art VallARTa","og_url":"https:\/\/artvallarta.com\/es\/2020-dio-de-los-muertos-gallery-exhibition\/","og_site_name":"Art VallARTa","article_publisher":"http:\/\/www.facebook.com\/artvallarta","article_published_time":"2020-10-15T18:40:31+00:00","article_modified_time":"2021-06-08T20:24:29+00:00","og_image":[{"width":1198,"height":1616,"url":"https:\/\/artvallarta.com\/wp-content\/uploads\/2021\/02\/2020dia.jpg","type":"image\/jpeg"}],"author":"Alan Ross","twitter_card":"summary_large_image","twitter_misc":{"Escrito por":"Alan Ross"},"schema":{"@context":"https:\/\/schema.org","@graph":[{"@type":"Article","@id":"https:\/\/artvallarta.com\/es\/2020-dio-de-los-muertos-gallery-exhibition\/#article","isPartOf":{"@id":"https:\/\/artvallarta.com\/es\/2020-dio-de-los-muertos-gallery-exhibition\/"},"author":{"name":"Alan Ross","@id":"https:\/\/artvallarta.com\/es\/#\/schema\/person\/4097b1533c82696c6ebae1d45b1fa8b5"},"headline":"2020 Exposici\u00f3n Galer\u00eda Dia de Muertos","datePublished":"2020-10-15T18:40:31+00:00","dateModified":"2021-06-08T20:24:29+00:00","mainEntityOfPage":{"@id":"https:\/\/artvallarta.com\/es\/2020-dio-de-los-muertos-gallery-exhibition\/"},"wordCount":7,"publisher":{"@id":"https:\/\/artvallarta.com\/es\/#organization"},"image":{"@id":"https:\/\/artvallarta.com\/es\/2020-dio-de-los-muertos-gallery-exhibition\/#primaryimage"},"thumbnailUrl":"https:\/\/artvallarta.com\/wp-content\/uploads\/2021\/02\/2020dia.jpg","inLanguage":"es"},{"@type":"WebPage","@id":"https:\/\/artvallarta.com\/es\/2020-dio-de-los-muertos-gallery-exhibition\/","url":"https:\/\/artvallarta.com\/es\/2020-dio-de-los-muertos-gallery-exhibition\/","name":"2020 Exposici\u00f3n Galer\u00eda Dia de Muertos - Art VallARTa","isPartOf":{"@id":"https:\/\/artvallarta.com\/es\/#website"},"primaryImageOfPage":{"@id":"https:\/\/artvallarta.com\/es\/2020-dio-de-los-muertos-gallery-exhibition\/#primaryimage"},"image":{"@id":"https:\/\/artvallarta.com\/es\/2020-dio-de-los-muertos-gallery-exhibition\/#primaryimage"},"thumbnailUrl":"https:\/\/artvallarta.com\/wp-content\/uploads\/2021\/02\/2020dia.jpg","datePublished":"2020-10-15T18:40:31+00:00","dateModified":"2021-06-08T20:24:29+00:00","breadcrumb":{"@id":"https:\/\/artvallarta.com\/es\/2020-dio-de-los-muertos-gallery-exhibition\/#breadcrumb"},"inLanguage":"es","potentialAction":[{"@type":"ReadAction","target":["https:\/\/artvallarta.com\/es\/2020-dio-de-los-muertos-gallery-exhibition\/"]}]},{"@type":"ImageObject","inLanguage":"es","@id":"https:\/\/artvallarta.com\/es\/2020-dio-de-los-muertos-gallery-exhibition\/#primaryimage","url":"https:\/\/artvallarta.com\/wp-content\/uploads\/2021\/02\/2020dia.jpg","contentUrl":"https:\/\/artvallarta.com\/wp-content\/uploads\/2021\/02\/2020dia.jpg","width":1198,"height":1616},{"@type":"BreadcrumbList","@id":"https:\/\/artvallarta.com\/es\/2020-dio-de-los-muertos-gallery-exhibition\/#breadcrumb","itemListElement":[{"@type":"ListItem","position":1,"name":"Pagina principal","item":"https:\/\/artvallarta.com\/es\/art-vallarta-puerto-vallarta-mexico-home\/"},{"@type":"ListItem","position":2,"name":"2020 Exposici\u00f3n Galer\u00eda Dia de Muertos"}]},{"@type":"WebSite","@id":"https:\/\/artvallarta.com\/es\/#website","url":"https:\/\/artvallarta.com\/es\/","name":"Art VallARTa","description":"Art VallARTa","publisher":{"@id":"https:\/\/artvallarta.com\/es\/#organization"},"potentialAction":[{"@type":"SearchAction","target":{"@type":"EntryPoint","urlTemplate":"https:\/\/artvallarta.com\/es\/?s={search_term_string}"},"query-input":{"@type":"PropertyValueSpecification","valueRequired":true,"valueName":"search_term_string"}}],"inLanguage":"es"},{"@type":"Organization","@id":"https:\/\/artvallarta.com\/es\/#organization","name":"Art VallARTa","url":"https:\/\/artvallarta.com\/es\/","logo":{"@type":"ImageObject","inLanguage":"es","@id":"https:\/\/artvallarta.com\/es\/#\/schema\/logo\/image\/","url":"https:\/\/artvallarta.com\/wp-content\/uploads\/2019\/02\/51835738_615449708895218_133232196214325248_n.jpg","contentUrl":"https:\/\/artvallarta.com\/wp-content\/uploads\/2019\/02\/51835738_615449708895218_133232196214325248_n.jpg","width":2048,"height":1466,"caption":"Art VallARTa"},"image":{"@id":"https:\/\/artvallarta.com\/es\/#\/schema\/logo\/image\/"},"sameAs":["http:\/\/www.facebook.com\/artvallarta","http:\/\/www.instagram.com\/artvallarta","http:\/\/www.pinterest\/artvallarta","https:\/\/www.youtube.com\/channel\/UCOqDy2Oyk7EU4tz3S2Gl7kQ"]},{"@type":"Person","@id":"https:\/\/artvallarta.com\/es\/#\/schema\/person\/4097b1533c82696c6ebae1d45b1fa8b5","name":"Alan Ross","url":"https:\/\/artvallarta.com\/es\/author\/alanworldtvl\/"}]}},"_links":{"self":[{"href":"https:\/\/artvallarta.com\/es\/wp-json\/wp\/v2\/posts\/49937","targetHints":{"allow":["GET"]}}],"collection":[{"href":"https:\/\/artvallarta.com\/es\/wp-json\/wp\/v2\/posts"}],"about":[{"href":"https:\/\/artvallarta.com\/es\/wp-json\/wp\/v2\/types\/post"}],"author":[{"embeddable":true,"href":"https:\/\/artvallarta.com\/es\/wp-json\/wp\/v2\/users\/68"}],"replies":[{"embeddable":true,"href":"https:\/\/artvallarta.com\/es\/wp-json\/wp\/v2\/comments?post=49937"}],"version-history":[{"count":1,"href":"https:\/\/artvallarta.com\/es\/wp-json\/wp\/v2\/posts\/49937\/revisions"}],"predecessor-version":[{"id":70943,"href":"https:\/\/artvallarta.com\/es\/wp-json\/wp\/v2\/posts\/49937\/revisions\/70943"}],"wp:featuredmedia":[{"embeddable":true,"href":"https:\/\/artvallarta.com\/es\/wp-json\/wp\/v2\/media\/49938"}],"wp:attachment":[{"href":"https:\/\/artvallarta.com\/es\/wp-json\/wp\/v2\/media?parent=49937"}],"wp:term":[{"taxonomy":"category","embeddable":true,"href":"https:\/\/artvallarta.com\/es\/wp-json\/wp\/v2\/categories?post=49937"},{"taxonomy":"post_tag","embeddable":true,"href":"https:\/\/artvallarta.com\/es\/wp-json\/wp\/v2\/tags?post=49937"}],"curies":[{"name":"wp","href":"https:\/\/api.w.org\/{rel}","templated":true}]}}